{"id":652857,"date":"2026-01-10T00:38:14","date_gmt":"2026-01-10T00:38:14","guid":{"rendered":"https:\/\/www.europesays.com\/fr\/652857\/"},"modified":"2026-01-10T00:38:14","modified_gmt":"2026-01-10T00:38:14","slug":"le-planetarium-ferme-ses-portes-pendant-1-mois","status":"publish","type":"post","link":"https:\/\/www.europesays.com\/fr\/652857\/","title":{"rendered":"le Plan\u00e9tarium ferme ses portes pendant 1 mois !"},"content":{"rendered":"<p>    <img loading=\"lazy\" width=\"1800\" height=\"900\" src=\"https:\/\/www.europesays.com\/fr\/wp-content\/uploads\/2025\/11\/jeanne-callthepolice.jpg\" class=\"attachment-full size-full\" alt=\"\" id=\"imageLove\" decoding=\"async\"  \/><\/p>\n<p id=\"breadcrumbs\"><a href=\"https:\/\/pokaa.fr\/\" target=\"_blank\" rel=\"noopener\">Accueil<\/a> \/ <a href=\"https:\/\/pokaa.fr\/categories\/actu\/\" target=\"_blank\" rel=\"noopener\">Info locale<\/a> \/ Coup dur \u00e0 Strasbourg : le Plan\u00e9tarium ferme ses portes pendant 1 mois !<\/p>\n<p>                    Info locale<\/p>\n<p><b>Depuis le 5 janvier, le Plan\u00e9tarium de Strasbourg est ferm\u00e9 au public. Une fermeture inattendue, li\u00e9e \u00e0 la r\u00e9paration d\u2019un vid\u00e9oprojecteur d\u00e9fectueux. Il rouvrira ses portes aux Strasbourgeois(es) le 7 f\u00e9vrier.<\/b><\/p>\n<p class=\"p1\">Coup dur pour les astronautes en herbe. Le 27 d\u00e9cembre dernier, le Jardin des sciences a annonc\u00e9 <a href=\"https:\/\/jardin-sciences.unistra.fr\/actualites\/fermeture-du-planetarium-de-janvier-a-fevrier-2026\/\" target=\"_blank\" rel=\"noopener\">sur son site web<\/a><b> la fermeture du Plan\u00e9tarium de Strasbourg pour un mois<\/b>.<\/p>\n<p class=\"p1\">Ainsi, <b>depuis le 5 janvier et jusqu\u2019au 6 f\u00e9vrier, le b\u00e2timent embl\u00e9matique du boulevard de la Victoire affiche portes closes<\/b>.<\/p>\n<p>    <img width=\"800\" height=\"450\" src=\"https:\/\/www.europesays.com\/fr\/wp-content\/uploads\/2026\/01\/img-20230712-122644-800x450.jpg\" class=\"attachment-image-size-L size-image-size-L\" alt=\"Plan\u00e9tarium de Strasbourg\" decoding=\"async\" loading=\"lazy\"  \/>         \u00a9 Marie Goehner-David \/ Pokaa <\/p>\n<p>La r\u00e9paration \u00ab\u00a0inattendue\u00a0\u00bb d\u2019un vid\u00e9oprojecteur<\/p>\n<p class=\"p1\">Selon le Jardin des sciences, <b>le Plan\u00e9tarium de Strasbourg doit fermer ses portes pendant un mois le temps de la r\u00e9paration d\u2019un vid\u00e9oprojecteur d\u00e9fectueux<\/b>. Un \u00e9v\u00e9nement inattendu qui n\u00e9cessite ainsi quelques semaines de fermeture.<\/p>\n<p class=\"p1\"><b>Les Strasbourgeois(es) pourront ainsi retourner au Plan\u00e9tarium le 7 f\u00e9vrier prochain<\/b>. Et pourquoi pas pour d\u00e9couvrir le nouveau spectacle La grande aventure du Syst\u00e8me solaire !<\/p>\n","protected":false},"excerpt":{"rendered":"Accueil \/ Info locale \/ Coup dur \u00e0 Strasbourg : le Plan\u00e9tarium ferme ses portes pendant 1 mois&hellip;\n","protected":false},"author":2,"featured_media":652858,"comment_status":"","ping_status":"","sticky":false,"template":"","format":"standard","meta":{"footnotes":""},"categories":[2820],"tags":[1111,11,1777,674,1011,27,775,12,41659,25,640],"class_list":{"0":"post-652857","1":"post","2":"type-post","3":"status-publish","4":"format-standard","5":"has-post-thumbnail","7":"category-strasbourg","8":"tag-actu","9":"tag-actualites","10":"tag-eu","11":"tag-europe","12":"tag-fr","13":"tag-france","14":"tag-grand-est","15":"tag-news","16":"tag-planetarium","17":"tag-republique-francaise","18":"tag-strasbourg"},"share_on_mastodon":{"url":"https:\/\/pubeurope.com\/@fr\/115868015456898287","error":""},"_links":{"self":[{"href":"https:\/\/www.europesays.com\/fr\/wp-json\/wp\/v2\/posts\/652857","targetHints":{"allow":["GET"]}}],"collection":[{"href":"https:\/\/www.europesays.com\/fr\/wp-json\/wp\/v2\/posts"}],"about":[{"href":"https:\/\/www.europesays.com\/fr\/wp-json\/wp\/v2\/types\/post"}],"author":[{"embeddable":true,"href":"https:\/\/www.europesays.com\/fr\/wp-json\/wp\/v2\/users\/2"}],"replies":[{"embeddable":true,"href":"https:\/\/www.europesays.com\/fr\/wp-json\/wp\/v2\/comments?post=652857"}],"version-history":[{"count":0,"href":"https:\/\/www.europesays.com\/fr\/wp-json\/wp\/v2\/posts\/652857\/revisions"}],"wp:featuredmedia":[{"embeddable":true,"href":"https:\/\/www.europesays.com\/fr\/wp-json\/wp\/v2\/media\/652858"}],"wp:attachment":[{"href":"https:\/\/www.europesays.com\/fr\/wp-json\/wp\/v2\/media?parent=652857"}],"wp:term":[{"taxonomy":"category","embeddable":true,"href":"https:\/\/www.europesays.com\/fr\/wp-json\/wp\/v2\/categories?post=652857"},{"taxonomy":"post_tag","embeddable":true,"href":"https:\/\/www.europesays.com\/fr\/wp-json\/wp\/v2\/tags?post=652857"}],"curies":[{"name":"wp","href":"https:\/\/api.w.org\/{rel}","templated":true}]}}