{"id":652859,"date":"2026-01-10T00:39:22","date_gmt":"2026-01-10T00:39:22","guid":{"rendered":"https:\/\/www.europesays.com\/fr\/652859\/"},"modified":"2026-01-10T00:39:22","modified_gmt":"2026-01-10T00:39:22","slug":"le-blog-de-gilles-pudlowski-les-pieds-dans-le-plat-42","status":"publish","type":"post","link":"https:\/\/www.europesays.com\/fr\/652859\/","title":{"rendered":"Le blog de Gilles Pudlowski \u2013 Les Pieds dans le Plat"},"content":{"rendered":"<p>\t\t\t\t\t\t\t<a href=\"https:\/\/www.gillespudlowski.com\/?attachment_id=415962\" rel=\"attachment wp-att-415962 noopener\" target=\"_blank\"><img fetchpriority=\"high\" decoding=\"async\" aria-describedby=\"caption-attachment-415962\" class=\"wp-image-415962\" src=\"https:\/\/www.europesays.com\/fr\/wp-content\/uploads\/2026\/01\/p-faiade.jpeg\" alt=\"\" width=\"380\" height=\"508\"  \/><\/a><\/p>\n<p id=\"caption-attachment-415962\" class=\"wp-caption-text\">Fa\u00e7ade \u00a9 GP<\/p>\n<p>Il a cr\u00e9\u00e9, il y a 24 ans, la maison embl\u00e9matique du bon pain en Alsace qui a essaim\u00e9 un peu partout Patrick Dinel, ancien banquier, qui travailla pour LVMH puis redressa jadis les Bretzels Burghard, est devenu roi du pain par passion. Cet as boulangers qui d\u00e9marra \u00e0 Strasbourg, dans la Krutenau, est aujourd\u2019hui partout, \u00e0 Schiltigheim, Cronenbourg, Lyon, Colmar, Toulouse, Dijon, Nancy ou G\u00e9rardmer, passe petit \u00e0 petit la main \u00e0 ses employ\u00e9s, demeurant \u00e0 la t\u00eate de la gestion et de la fabrication.<\/p>\n<p><a href=\"https:\/\/www.gillespudlowski.com\/?attachment_id=415964\" rel=\"attachment wp-att-415964 noopener\" target=\"_blank\"><img loading=\"lazy\" decoding=\"async\" aria-describedby=\"caption-attachment-415964\" class=\"wp-image-415964\" src=\"https:\/\/www.europesays.com\/fr\/wp-content\/uploads\/2026\/01\/p2.jpeg\" alt=\"\" width=\"380\" height=\"508\"  \/><\/a><\/p>\n<p id=\"caption-attachment-415964\" class=\"wp-caption-text\">Le service \u00a9 GP<\/p>\n<p>Au coeur de Strasbourg centre, \u00e0 deux pas de la cath\u00e9drale et en lisi\u00e8re de la place Gutenberg, son \u00e9choppe neutre et fonctionnelle au rez de chauss\u00e9e d\u2019un immeuble moderne a toujours du succ\u00e8s. Baguettes, pains b\u00fbcheron, pain aux figues, tourtes de meule, pav\u00e9 breton,\u00a0 campagne aux raisins, fruits secs et noisettes, cinq c\u00e9r\u00e9ales, dattes, miel et amandes, mais aussi viennoiseries au beurre de baratte, pain aux c\u00e9r\u00e9ales ficelle, mini-kougelhopf, streusel, bretzels vari\u00e9s demeurent des friandises \u00e0 croquer, preuve qu\u2019on ne barde la qualit\u00e9 malgr\u00e9 le succ\u00e8s. Service aimable, malgr\u00e9 la queue incessante, surtout en p\u00e9riode de f\u00eate.<\/p>\n<p><a href=\"https:\/\/www.gillespudlowski.com\/?attachment_id=415966\" rel=\"attachment wp-att-415966 noopener\" target=\"_blank\"><img loading=\"lazy\" decoding=\"async\" aria-describedby=\"caption-attachment-415966\" class=\"wp-image-415966\" src=\"https:\/\/www.europesays.com\/fr\/wp-content\/uploads\/2026\/01\/p4.jpeg\" alt=\"\" width=\"380\" height=\"508\"  \/><\/a><\/p>\n<p id=\"caption-attachment-415966\" class=\"wp-caption-text\">Les pains \u00a9 GP<\/p>\n<p>Au Pain de mon grand-p\u00e8re<\/p>\n","protected":false},"excerpt":{"rendered":"Fa\u00e7ade \u00a9 GP Il a cr\u00e9\u00e9, il y a 24 ans, la maison embl\u00e9matique du bon pain en&hellip;\n","protected":false},"author":2,"featured_media":652860,"comment_status":"","ping_status":"","sticky":false,"template":"","format":"standard","meta":{"footnotes":""},"categories":[2820],"tags":[1111,11,1777,674,1011,27,775,12,25,640],"class_list":{"0":"post-652859","1":"post","2":"type-post","3":"status-publish","4":"format-standard","5":"has-post-thumbnail","7":"category-strasbourg","8":"tag-actu","9":"tag-actualites","10":"tag-eu","11":"tag-europe","12":"tag-fr","13":"tag-france","14":"tag-grand-est","15":"tag-news","16":"tag-republique-francaise","17":"tag-strasbourg"},"share_on_mastodon":{"url":"https:\/\/pubeurope.com\/@fr\/115868019283858123","error":""},"_links":{"self":[{"href":"https:\/\/www.europesays.com\/fr\/wp-json\/wp\/v2\/posts\/652859","targetHints":{"allow":["GET"]}}],"collection":[{"href":"https:\/\/www.europesays.com\/fr\/wp-json\/wp\/v2\/posts"}],"about":[{"href":"https:\/\/www.europesays.com\/fr\/wp-json\/wp\/v2\/types\/post"}],"author":[{"embeddable":true,"href":"https:\/\/www.europesays.com\/fr\/wp-json\/wp\/v2\/users\/2"}],"replies":[{"embeddable":true,"href":"https:\/\/www.europesays.com\/fr\/wp-json\/wp\/v2\/comments?post=652859"}],"version-history":[{"count":0,"href":"https:\/\/www.europesays.com\/fr\/wp-json\/wp\/v2\/posts\/652859\/revisions"}],"wp:featuredmedia":[{"embeddable":true,"href":"https:\/\/www.europesays.com\/fr\/wp-json\/wp\/v2\/media\/652860"}],"wp:attachment":[{"href":"https:\/\/www.europesays.com\/fr\/wp-json\/wp\/v2\/media?parent=652859"}],"wp:term":[{"taxonomy":"category","embeddable":true,"href":"https:\/\/www.europesays.com\/fr\/wp-json\/wp\/v2\/categories?post=652859"},{"taxonomy":"post_tag","embeddable":true,"href":"https:\/\/www.europesays.com\/fr\/wp-json\/wp\/v2\/tags?post=652859"}],"curies":[{"name":"wp","href":"https:\/\/api.w.org\/{rel}","templated":true}]}}