{"id":652877,"date":"2026-01-10T00:51:11","date_gmt":"2026-01-10T00:51:11","guid":{"rendered":"https:\/\/www.europesays.com\/fr\/652877\/"},"modified":"2026-01-10T00:51:11","modified_gmt":"2026-01-10T00:51:11","slug":"horoscope-2026-gemeaux-decouvrez-les-previsions-pour-votre-signe","status":"publish","type":"post","link":"https:\/\/www.europesays.com\/fr\/652877\/","title":{"rendered":"Horoscope 2026\u00a0: G\u00e9meaux, d\u00e9couvrez les pr\u00e9visions pour votre signe"},"content":{"rendered":"<p>\n                                                                Comme chaque ann\u00e9e, nous avons demand\u00e9 \u00e0 Suzie Gentile, astrologue r\u00e9put\u00e9e, de scruter le ciel pour 2026. Pour les G\u00e9meaux \u2013 entre le 22\u00a0mai et le 21\u00a0juin \u2013 2026 sera une ann\u00e9e pour sourire \u00e0 la vie.\n                            <\/p>\n<p>Une ann\u00e9e contrast\u00e9e pour le moins que l\u2019on puisse dire cher(e) ami(e) G\u00e9meaux. Saturne vous regarde du coin de l\u2019\u0153il en d\u00e9but d\u2019ann\u00e9e. Mais d\u2019un autre c\u00f4t\u00e9, vous pouvez compter sur l\u2019aide de Jupiter. En clair, il y a du mouvement dans l\u2019air et ce n\u2019est pas sans vous d\u00e9plaire. Vous aurez plus d\u2019intuition que de coutume et vous vous en servirez utilement. Il vous permettra aussi de prendre conscience entre autres de votre cr\u00e9ativit\u00e9.<\/p>\n<p>Amour<\/p>\n<p>\u00c9vitez les d\u00e9cisions prises sur un coup de t\u00eate m\u00eame si ce n\u2019est pas dans votre temp\u00e9rament. Quoi qu\u2019il en soit, vous fuirez les situations affectives bancales. Les remises en questions ne sont pas \u00e0 exclure et vous profiterez pleinement de votre libert\u00e9 retrouv\u00e9e. Vous tisserez de nouveaux liens amicaux et affectifs. Vous ne serez pas press\u00e9(e) de vous engager \u00e0 moins que Cupidon ne darde ses fl\u00e8ches\u00a0! P\u00e9riodes b\u00e9n\u00e9fiques\u00a0: d\u00e9but mars, mai, ao\u00fbt.<\/p>\n<p>Travail<\/p>\n<p>Voici une ann\u00e9e 2026 qui ressemble \u00e0 une v\u00e9ritable montagne russe. Mais tout d\u00e9pend de ce que vous allez en faire. Consolidez votre position avant d\u2019aller plus loin, de peur de voir vos beaux projets s\u2019effondrer comme un ch\u00e2teau de cartes. Heureusement votre sens de la diplomatie sera payant. De nouveaux cr\u00e9neaux plus porteurs s\u2019offrent \u00e0 vous. P\u00e9riodes b\u00e9n\u00e9fiques\u00a0: d\u00e9but avril, fin juillet, d\u00e9but septembre.<\/p>\n<p>Finance<\/p>\n<p>Ne vous laissez pas influencer par les beaux parleurs. Faites votre cet adage \u00ab\u00a0les conseilleurs sont rarement les payeurs\u00a0!\u00a0\u00bb\u00a0Heureusement Jupiter est votre alli\u00e9 et vous vous ressaisirez au dernier moment. En revanche, Jupiter n\u2019est pas franchement votre ami en d\u00e9but d\u2019ann\u00e9e. Rassurez-vous, il n\u2019y a pas de catastrophes en vue. P\u00e9riodes b\u00e9n\u00e9fiques\u00a0: janvier, mi-avril, mi-juin.<\/p>\n<p>Forme<\/p>\n<p>Vous traverserez des p\u00e9riodes quasi euphoriques, o\u00f9 vous vivrez \u00e0 100 \u00e0 l\u2019heure. Heureusement, vous avez la facult\u00e9 de r\u00e9cup\u00e9rer rapidement des forces. Mettez cependant tous les atouts de votre c\u00f4t\u00e9 en vous octroyant des temps de repos. Dans l\u2019ensemble, les influx plan\u00e9taires devraient vous assurer d\u2019une bonne r\u00e9sistance physique. P\u00e9riodes b\u00e9n\u00e9fiques\u00a0: d\u00e9but mars, fin ao\u00fbt, d\u00e9but novembre.<\/p>\n","protected":false},"excerpt":{"rendered":"Comme chaque ann\u00e9e, nous avons demand\u00e9 \u00e0 Suzie Gentile, astrologue r\u00e9put\u00e9e, de scruter le ciel pour 2026. Pour&hellip;\n","protected":false},"author":2,"featured_media":652878,"comment_status":"","ping_status":"","sticky":false,"template":"","format":"standard","meta":{"footnotes":""},"categories":[2814],"tags":[1111,11,18483,1777,674,1011,27,157,884,6209,12,882,25],"class_list":{"0":"post-652877","1":"post","2":"type-post","3":"status-publish","4":"format-standard","5":"has-post-thumbnail","7":"category-marseille","8":"tag-actu","9":"tag-actualites","10":"tag-aveyron","11":"tag-eu","12":"tag-europe","13":"tag-fr","14":"tag-france","15":"tag-horoscope","16":"tag-marseille","17":"tag-millau","18":"tag-news","19":"tag-provence-alpes-cote-dazur","20":"tag-republique-francaise"},"share_on_mastodon":{"url":"https:\/\/pubeurope.com\/@fr\/115868066376626579","error":""},"_links":{"self":[{"href":"https:\/\/www.europesays.com\/fr\/wp-json\/wp\/v2\/posts\/652877","targetHints":{"allow":["GET"]}}],"collection":[{"href":"https:\/\/www.europesays.com\/fr\/wp-json\/wp\/v2\/posts"}],"about":[{"href":"https:\/\/www.europesays.com\/fr\/wp-json\/wp\/v2\/types\/post"}],"author":[{"embeddable":true,"href":"https:\/\/www.europesays.com\/fr\/wp-json\/wp\/v2\/users\/2"}],"replies":[{"embeddable":true,"href":"https:\/\/www.europesays.com\/fr\/wp-json\/wp\/v2\/comments?post=652877"}],"version-history":[{"count":0,"href":"https:\/\/www.europesays.com\/fr\/wp-json\/wp\/v2\/posts\/652877\/revisions"}],"wp:featuredmedia":[{"embeddable":true,"href":"https:\/\/www.europesays.com\/fr\/wp-json\/wp\/v2\/media\/652878"}],"wp:attachment":[{"href":"https:\/\/www.europesays.com\/fr\/wp-json\/wp\/v2\/media?parent=652877"}],"wp:term":[{"taxonomy":"category","embeddable":true,"href":"https:\/\/www.europesays.com\/fr\/wp-json\/wp\/v2\/categories?post=652877"},{"taxonomy":"post_tag","embeddable":true,"href":"https:\/\/www.europesays.com\/fr\/wp-json\/wp\/v2\/tags?post=652877"}],"curies":[{"name":"wp","href":"https:\/\/api.w.org\/{rel}","templated":true}]}}