{"id":652881,"date":"2026-01-10T00:53:37","date_gmt":"2026-01-10T00:53:37","guid":{"rendered":"https:\/\/www.europesays.com\/fr\/652881\/"},"modified":"2026-01-10T00:53:37","modified_gmt":"2026-01-10T00:53:37","slug":"une-bouteille-de-vin-du-beaujolais-sinvite-dans-la-serie-emily-in-paris","status":"publish","type":"post","link":"https:\/\/www.europesays.com\/fr\/652881\/","title":{"rendered":"Une bouteille de vin du Beaujolais s\u2019invite dans la s\u00e9rie Emily in Paris"},"content":{"rendered":"<p itemprop=\"description\"><strong>D\u00e9cidemment Lyon et le Rh\u00f4ne sont \u00e0 l\u2019honneur de la s\u00e9rie Netflix.<\/strong><\/p>\n<p>La saison 5 de la s\u00e9rie Emily in Paris est sortie il y a quelques semaines sur Netflix et continue de faire parler \u00e0 Lyon. Ce sont en effet <a href=\"https:\/\/www.lyonfemmes.com\/article\/252145\/ce-foulard-porte-par-lily-collins-dans-la-serie-emily-in-paris-vient-d-une-maison-de-soierie-lyonnaise\" target=\"_blank\" rel=\"noopener\">plusieurs marques lyonnaises<\/a> qui ont \u00e9t\u00e9 aper\u00e7ues, notamment la Maison Malfroy et les bijoux de Helena Joy.<\/p>\n<p>Dans l\u2019\u00e9pisode 7 intitul\u00e9 \u00ab\u00a0Deuxi\u00e8me chance\u00a0\u00bb, les t\u00e9l\u00e9spectateurs ont \u00e9galement pu voir une sc\u00e8ne entre Sylvie Grateau jou\u00e9e par <strong>Philippine Leroy-Beaulieu<\/strong> et son amie Yvette interpr\u00e9t\u00e9e par <strong>Mich\u00e8le Laroque<\/strong>. La premi\u00e8re apporte \u00e0 la seconde une bouteille de vin. \u00ab\u00a0J\u2019esp\u00e8re que tu bois toujours du Chablis\u00a0\u00bb, s\u2019exclame Sylvie Grateau.<\/p>\n<p>La bouteille en question vient tout droit du Beaujolais. Il s\u2019agit du Chablis \u00ab\u00a0Les Oiseaux\u00a0\u00bb de la Famille Descombe. \u00ab\u00a0La Famille Descombe compte aujourd\u2019hui 21 parcelles diss\u00e9min\u00e9es dans le Chablisien, chacune d\u2019elles vinifi\u00e9e de mani\u00e8re ind\u00e9pendante afin d\u2019\u00eatre au plus pr\u00e8s de l\u2019expression du terroir. Ce Chablis 2023, \u00e9lev\u00e9 18 mois en cuve sur ses lies tr\u00e8s fines, enchante les papilles. Son nez lib\u00e8re de fines senteurs florales. La bouche, expressive, \u00e9pouse la rondeur des fruits blancs. Il sera parfait avec des fruits de mer, crustac\u00e9s, poissons grill\u00e9s ou des viandes blanches en sauce l\u00e9g\u00e8re\u00a0\u00bb, commente la Famille Descombe. A la t\u00eate du domaine, on retrouve notamment <strong>Marine Descombe<\/strong>, r\u00e9compens\u00e9e lors de la c\u00e9r\u00e9monie des \u00ab\u00a0<a href=\"https:\/\/www.lyonfemmes.com\/article\/251482\/notre-domaine-viticole-familial-va-feter-ses-120-ans-marine-descombe-fait-partie-des-25-lyonnaises-qui-feront-2025\" target=\"_blank\" rel=\"noopener\">25 Lyonnaises de 2025<\/a>\u00a0\u00bb de la r\u00e9daction de Lyon Femmes.<\/p>\n","protected":false},"excerpt":{"rendered":"D\u00e9cidemment Lyon et le Rh\u00f4ne sont \u00e0 l\u2019honneur de la s\u00e9rie Netflix. La saison 5 de la s\u00e9rie&hellip;\n","protected":false},"author":2,"featured_media":652882,"comment_status":"","ping_status":"","sticky":false,"template":"","format":"standard","meta":{"footnotes":""},"categories":[1889],"tags":[1111,11,2813,2190,2430,1109,251,1112,2811,1777,674,118,1294,4651,1011,27,1922,1110,1114,2428,4903,4902,12,241,316,25,2812,517,800],"class_list":{"0":"post-652881","1":"post","2":"type-post","3":"status-publish","4":"format-standard","5":"has-post-thumbnail","7":"category-lyon","8":"tag-actu","9":"tag-actualites","10":"tag-article","11":"tag-asvel","12":"tag-auvergne-rhone-alpes","13":"tag-breves","14":"tag-culture","15":"tag-depeches","16":"tag-economique","17":"tag-eu","18":"tag-europe","19":"tag-faits-divers","20":"tag-femme","21":"tag-femmes","22":"tag-fr","23":"tag-france","24":"tag-info","25":"tag-informations","26":"tag-infos","27":"tag-lyon","28":"tag-lyonfemme","29":"tag-lyonfemmes","30":"tag-news","31":"tag-ol","32":"tag-politique","33":"tag-republique-francaise","34":"tag-sociale","35":"tag-sport","36":"tag-transports"},"share_on_mastodon":{"url":"https:\/\/pubeurope.com\/@fr\/115868074261596448","error":""},"_links":{"self":[{"href":"https:\/\/www.europesays.com\/fr\/wp-json\/wp\/v2\/posts\/652881","targetHints":{"allow":["GET"]}}],"collection":[{"href":"https:\/\/www.europesays.com\/fr\/wp-json\/wp\/v2\/posts"}],"about":[{"href":"https:\/\/www.europesays.com\/fr\/wp-json\/wp\/v2\/types\/post"}],"author":[{"embeddable":true,"href":"https:\/\/www.europesays.com\/fr\/wp-json\/wp\/v2\/users\/2"}],"replies":[{"embeddable":true,"href":"https:\/\/www.europesays.com\/fr\/wp-json\/wp\/v2\/comments?post=652881"}],"version-history":[{"count":0,"href":"https:\/\/www.europesays.com\/fr\/wp-json\/wp\/v2\/posts\/652881\/revisions"}],"wp:featuredmedia":[{"embeddable":true,"href":"https:\/\/www.europesays.com\/fr\/wp-json\/wp\/v2\/media\/652882"}],"wp:attachment":[{"href":"https:\/\/www.europesays.com\/fr\/wp-json\/wp\/v2\/media?parent=652881"}],"wp:term":[{"taxonomy":"category","embeddable":true,"href":"https:\/\/www.europesays.com\/fr\/wp-json\/wp\/v2\/categories?post=652881"},{"taxonomy":"post_tag","embeddable":true,"href":"https:\/\/www.europesays.com\/fr\/wp-json\/wp\/v2\/tags?post=652881"}],"curies":[{"name":"wp","href":"https:\/\/api.w.org\/{rel}","templated":true}]}}