{"id":652883,"date":"2026-01-10T00:54:24","date_gmt":"2026-01-10T00:54:24","guid":{"rendered":"https:\/\/www.europesays.com\/fr\/652883\/"},"modified":"2026-01-10T00:54:24","modified_gmt":"2026-01-10T00:54:24","slug":"fin-du-blocage-des-agriculteurs-sur-la-m7-au-sud-de-lyon","status":"publish","type":"post","link":"https:\/\/www.europesays.com\/fr\/652883\/","title":{"rendered":"Fin du blocage des agriculteurs sur la M7 au sud de Lyon"},"content":{"rendered":"<p itemprop=\"description\"><strong>Le d\u00e9part des manifestants est pr\u00e9vu ce vendredi en fin de journ\u00e9e.<\/strong><\/p>\n<p><strong>Mise \u00e0 jour \u00e0 18h50 : <\/strong>La M7 a rouvert dans le sens Sud-Nord en direction de Lyon.\u00a0<\/p>\n<p><strong>Article initial :<\/strong> C\u2019est la pr\u00e9fecture du Rh\u00f4ne qui a fait part de l\u2019information dans un message sur X. \u00ab\u00a0Les agriculteurs pr\u00e9sents sur la M7 ont annonc\u00e9 leur intention de mettre fin \u00e0 leur action\u00a0\u00bb, peut-on lire. Les autorit\u00e9s appellent par cons\u00e9quent les automobilistes \u00e0 \u00e9viter le secteur \u00ab\u00a0en amont et en aval du n\u0153ud autoroutier A450 \/ A7 et \u00e0 privil\u00e9gier la RD301 et l\u2019A46 pour circuler en direction du sud\u00a0\u00bb.<\/p>\n<p>Un premier cort\u00e8ge de tracteurs partira en direction de l\u2019A7 pour sortir \u00e0 Solaize tandis qu\u2019un second empruntera l\u2019A450 en direction de Brignais. \u00ab\u00a0La M7 ne pourra r\u00e9ouvrir qu\u2019\u00e0 l\u2019issue d\u2019une inspection de s\u00e9curit\u00e9 et une \u00e9ventuelle remise en \u00e9tat\u00a0\u00bb, pr\u00e9cise la pr\u00e9fecture du Rh\u00f4ne.<\/p>\n<p>Les agriculteurs bloquaient la M7 au sud de Lyon depuis lundi dans les deux sens de circulation afin de protester contre la gestion de la crise de la dermatose nodulaire contagieuse mais \u00e9galement contre la signature de l\u2019accord de libre-\u00e9change entre l\u2019Union Europ\u00e9enne et les pays du Mercorsur.<\/p>\n<p>Un soulagement pour de nombreux automobilistes, mais aussi la pr\u00e9fecture du Rh\u00f4ne qui pilotait la situation depuis le d\u00e9but de semaine, avec un d\u00e9placement de la pr\u00e9f\u00e8te Fabienne Buccio sur le barrage mercredi et la mise en place de d\u00e9viations.<\/p>\n","protected":false},"excerpt":{"rendered":"Le d\u00e9part des manifestants est pr\u00e9vu ce vendredi en fin de journ\u00e9e. Mise \u00e0 jour \u00e0 18h50 :&hellip;\n","protected":false},"author":2,"featured_media":652884,"comment_status":"","ping_status":"","sticky":false,"template":"","format":"standard","meta":{"footnotes":""},"categories":[1889],"tags":[1111,11,2813,2190,2430,1109,251,1112,2811,1777,674,118,1011,27,1922,1110,1114,2428,2810,12,241,316,25,2812,517,800],"class_list":{"0":"post-652883","1":"post","2":"type-post","3":"status-publish","4":"format-standard","5":"has-post-thumbnail","7":"category-lyon","8":"tag-actu","9":"tag-actualites","10":"tag-article","11":"tag-asvel","12":"tag-auvergne-rhone-alpes","13":"tag-breves","14":"tag-culture","15":"tag-depeches","16":"tag-economique","17":"tag-eu","18":"tag-europe","19":"tag-faits-divers","20":"tag-fr","21":"tag-france","22":"tag-info","23":"tag-informations","24":"tag-infos","25":"tag-lyon","26":"tag-lyonmag","27":"tag-news","28":"tag-ol","29":"tag-politique","30":"tag-republique-francaise","31":"tag-sociale","32":"tag-sport","33":"tag-transports"},"share_on_mastodon":{"url":"https:\/\/pubeurope.com\/@fr\/115868078163657206","error":""},"_links":{"self":[{"href":"https:\/\/www.europesays.com\/fr\/wp-json\/wp\/v2\/posts\/652883","targetHints":{"allow":["GET"]}}],"collection":[{"href":"https:\/\/www.europesays.com\/fr\/wp-json\/wp\/v2\/posts"}],"about":[{"href":"https:\/\/www.europesays.com\/fr\/wp-json\/wp\/v2\/types\/post"}],"author":[{"embeddable":true,"href":"https:\/\/www.europesays.com\/fr\/wp-json\/wp\/v2\/users\/2"}],"replies":[{"embeddable":true,"href":"https:\/\/www.europesays.com\/fr\/wp-json\/wp\/v2\/comments?post=652883"}],"version-history":[{"count":0,"href":"https:\/\/www.europesays.com\/fr\/wp-json\/wp\/v2\/posts\/652883\/revisions"}],"wp:featuredmedia":[{"embeddable":true,"href":"https:\/\/www.europesays.com\/fr\/wp-json\/wp\/v2\/media\/652884"}],"wp:attachment":[{"href":"https:\/\/www.europesays.com\/fr\/wp-json\/wp\/v2\/media?parent=652883"}],"wp:term":[{"taxonomy":"category","embeddable":true,"href":"https:\/\/www.europesays.com\/fr\/wp-json\/wp\/v2\/categories?post=652883"},{"taxonomy":"post_tag","embeddable":true,"href":"https:\/\/www.europesays.com\/fr\/wp-json\/wp\/v2\/tags?post=652883"}],"curies":[{"name":"wp","href":"https:\/\/api.w.org\/{rel}","templated":true}]}}