{"id":652895,"date":"2026-01-10T01:01:17","date_gmt":"2026-01-10T01:01:17","guid":{"rendered":"https:\/\/www.europesays.com\/fr\/652895\/"},"modified":"2026-01-10T01:01:17","modified_gmt":"2026-01-10T01:01:17","slug":"la-russie-utilise-son-fameux-missile-orechnik-la-capitale-kiev-en-grande-precarite","status":"publish","type":"post","link":"https:\/\/www.europesays.com\/fr\/652895\/","title":{"rendered":"La Russie utilise son fameux missile Orechnik, la capitale Kiev en grande pr\u00e9carit\u00e9"},"content":{"rendered":"<p>Vous avez rat\u00e9 les derniers \u00e9v\u00e9nements sur la <a href=\"https:\/\/www.20minutes.fr\/monde\/ukraine\/\" class=\"c-link c-link--is-underlined\" target=\"_blank\" rel=\"noopener\">guerre en Ukraine<\/a>\u00a0? 20 Minutes fait le point pour vous tous les soirs. Voici l\u2019essentiel de ce vendredi 9\u00a0janvier, au 1.415e jour du conflit.<\/p>\n<p>Le fait du jour<\/p>\n<p>C\u2019est la deuxi\u00e8me fois qu\u2019elle l\u2019utilise. La Russie a revendiqu\u00e9 avoir frapp\u00e9 des \u00ab\u00a0cibles strat\u00e9giques\u00a0\u00bb en Ukraine la nuit derni\u00e8re, notamment avec son <a href=\"https:\/\/www.20minutes.fr\/monde\/4195204-20260109-guerre-ukraine-quoi-missile-russe-oreshnik-peut-menacer-quasi-totalite-europe\" class=\"c-link c-link--is-underlined\" target=\"_blank\" rel=\"noopener\">fameux missile hypersonique Orechnik<\/a>, qui peut porter une charge nucl\u00e9aire et atteindre une vitesse d\u2019environ 13.000 km\/h. Selon le minist\u00e8re russe de la D\u00e9fense, ces attaques ont \u00e9t\u00e9 men\u00e9es \u00ab\u00a0en r\u00e9ponse\u00a0\u00bb \u00e0 une tentative ukrainienne de frapper une r\u00e9sidence de <a href=\"https:\/\/www.20minutes.fr\/monde\/vladimir_poutine\/\" class=\"c-link c-link--is-underlined\" target=\"_blank\" rel=\"noopener\">Vladimir Poutine<\/a> fin d\u00e9cembre, des accusations que l\u2019Ukraine et les Occidentaux qualifient de \u00ab\u00a0mensonge\u00a0\u00bb.<\/p>\n<p>Le service ukrainien de s\u00e9curit\u00e9 (SBU) a publi\u00e9 des images de d\u00e9bris pr\u00e9sent\u00e9s comme ceux du missile Orechnik utilis\u00e9 par Moscou pour frapper la r\u00e9gion de Lviv (ouest). Il n\u2019a pas pr\u00e9cis\u00e9 quelles cibles avaient \u00e9t\u00e9 vis\u00e9es par l\u2019engin ni l\u2019ampleur des d\u00e9g\u00e2ts.<\/p>\n<p>\u00ab\u00a0Une telle attaque \u00e0 proximit\u00e9 de la fronti\u00e8re de l\u2019Union europ\u00e9enne et de l\u2019<a href=\"https:\/\/www.20minutes.fr\/monde\/otan\/\" class=\"c-link c-link--is-underlined\" target=\"_blank\" rel=\"noopener\">Otan<\/a> repr\u00e9sente une menace grave pour la s\u00e9curit\u00e9 du continent europ\u00e9en et un test pour l\u2019alliance transatlantique\u00a0\u00bb, a estim\u00e9 le ministre ukrainien des Affaires \u00e9trang\u00e8res Andri\u00ef Sybiga. Les dirigeants fran\u00e7ais, allemand et britannique Emmanuel Macron, Friedrich Merz et Keir Starmer ont d\u00e9nonc\u00e9 \u00ab\u00a0une escalade\u00a0\u00bb qui est \u00ab\u00a0inacceptable\u00a0\u00bb. La cheffe de la diplomatie de l\u2019UE Kaja Kallas a estim\u00e9 de son c\u00f4t\u00e9 que ce tir d\u00e9montre que Vladimir Poutine \u00ab\u00a0ne veut pas la paix\u00a0\u00bb.<\/p>\n<p>Le missile Orechnik, qui ne portait pas d\u2019ogive nucl\u00e9aire lors de ces tirs, a \u00e9t\u00e9 utilis\u00e9 pour la premi\u00e8re fois en\u00a02024 contre une usine militaire situ\u00e9e dans la ville de Dnipro, dans le centre-est de l\u2019Ukraine.<\/p>\n<p>La d\u00e9claration du jour<\/p>\n<blockquote class=\"mx-m@xs mx-xxl@md color-ultramarine c-citation\">\n<p class=\"font-weight-regular@xs text-italic font-source-serif-pro text-l@xs c-citation__content\">\u00ab\u00a0La moiti\u00e9 des immeubles d\u2019habitation \u00e0 Kiev (pr\u00e8s de 6.000) sont actuellement priv\u00e9s de chauffage\u00a0\u00bb<\/p>\n<\/blockquote>\n<p>Les paroles sont celles de Vitaly Klitschko. Pour la premi\u00e8re fois depuis le d\u00e9but de l\u2019invasion russe lanc\u00e9e en\u00a02022, le maire de Kiev a appel\u00e9 ce vendredi les habitants \u00e0 quitter \u00ab\u00a0temporairement\u00a0\u00bb la capitale apr\u00e8s une \u00ab\u00a0attaque massive\u00a0\u00bb russe alors que les temp\u00e9ratures oscillent entre -7 et -12\u00b0C.<\/p>\n<p>Selon l\u2019op\u00e9rateur \u00e9lectrique priv\u00e9 DTEK, 417.000 foyers sont priv\u00e9s d\u2019\u00e9lectricit\u00e9 dans la capitale, en raison des frappes russes et de conditions m\u00e9t\u00e9orologiques difficiles. \u00ab\u00a0Nous faisons tout notre possible pour r\u00e9tablir l\u2019\u00e9lectricit\u00e9\u00a0\u00bb, assure Vitaly Klitschko.<\/p>\n<p>Une quarantaine de sites ont \u00e9t\u00e9 touch\u00e9s par les frappes russes \u00e0 Kiev dans la nuit de jeudi \u00e0 vendredi, dont 20 immeubles r\u00e9sidentiels et l\u2019ambassade du Qatar, selon Volodymyr Zelensky. Le parquet a fait \u00e9tat de quatre morts et 26 bless\u00e9s.<\/p>\n<p><\/p>\n<p>Le chiffre du jour<\/p>\n<p>2. C\u2019est le nombre de cargos que l\u2019arm\u00e9e russe aurait attaqu\u00e9 avec des drones en mer Noire, selon l\u2019Ukraine ce vendredi. Ces frappes auraient caus\u00e9 la mort d\u2019un marin de nationalit\u00e9 syrienne.<\/p>\n<p>Sur Telegram, un vice-Premier ministre, Oleksi\u00ef Kouleba, a affirm\u00e9 que le cargo sur lequel est mort ce membre d\u2019\u00e9quipage syrien se trouvait pr\u00e8s du port d\u2019Odessa au moment de l\u2019attaque. Il transporte du soja et navigue sous pavillon comorien. Le deuxi\u00e8me navire se rendait, lui, vers le port ukrainien de Tchornomorsk pour \u00eatre charg\u00e9 en c\u00e9r\u00e9ales et, selon des informations pr\u00e9liminaires, il pourrait y avoir des \u00ab\u00a0bless\u00e9s\u00a0\u00bb, a dit Oleksi\u00ef Kouleba, qui pr\u00e9cise que ce cargo bat pavillon des \u00eeles carib\u00e9ennes de Saint-Christophe-et-Ni\u00e9v\u00e8s.<\/p>\n<p>\u00ab\u00a0C\u2019est un horrible crime de guerre\u00a0!\u00a0\u00bb, a d\u00e9nonc\u00e9 Oleksi\u00ef Kouleba, accusant Moscou de viser \u00ab\u00a0d\u00e9lib\u00e9r\u00e9ment\u00a0\u00bb des cibles civiles, les transports maritimes internationaux et la logistique alimentaire.<\/p>\n<p>Depuis plus d\u2019un mois, les attaques des deux camps en mer Noire, sur des infrastructures portuaires ou des navires, se multiplient.<\/p>\n<p>La tendance<\/p>\n<p>Le dirigeant nord-cor\u00e9en Kim Jong Un s\u2019est engag\u00e9 \u00e0 soutenir \u00ab\u00a0sans condition\u00a0\u00bb toutes les politiques et d\u00e9cisions du pr\u00e9sident russe Vladimir Poutine, a rapport\u00e9 vendredi le m\u00e9dia d\u2019\u00c9tat de <a href=\"https:\/\/www.20minutes.fr\/monde\/pyongyang\/\" class=\"c-link c-link--is-underlined\" target=\"_blank\" rel=\"noopener\">Pyongyang<\/a>. Kim Jong Un a d\u00e9clar\u00e9 qu\u2019il ressentait une \u00ab\u00a0v\u00e9ritable relation de camaraderie\u00a0\u00bb avec Vladimir Poutine et qu\u2019il consid\u00e9rait leurs liens comme \u00ab\u00a0les plus pr\u00e9cieux\u00a0\u00bb, dans une lettre rendue publique par l\u2019agence de presse officielle nord-cor\u00e9enne KCNA.<\/p>\n<p><a href=\"https:\/\/www.20minutes.fr\/monde\/ukraine\/\" class=\"c-link c-btn c-btn--primary\" target=\"_blank\" rel=\"noopener\">Notre dossier sur la guerre en Ukraine<\/a><\/p>\n<p>\u00ab\u00a0Je respecterai et soutiendrai sans condition toutes vos politiques et d\u00e9cisions, et je suis pr\u00eat \u00e0 \u00eatre toujours \u00e0 vos c\u00f4t\u00e9s pour vous et votre Russie\u00a0\u00bb, a-t-il ajout\u00e9, pr\u00e9cisant que \u00ab\u00a0ce choix sera constant et permanent\u00a0\u00bb.<\/p>\n<p>La Cor\u00e9e du Nord a activement particip\u00e9 \u00e0 l\u2019effort de guerre de Moscou en lui fournissant des soldats pour repousser la perc\u00e9e ukrainienne dans la r\u00e9gion de Koursk, dans le cadre de l\u2019invasion russe de l\u2019Ukraine depuis f\u00e9vrier\u00a02022.<\/p>\n","protected":false},"excerpt":{"rendered":"Vous avez rat\u00e9 les derniers \u00e9v\u00e9nements sur la guerre en Ukraine\u00a0? 20 Minutes fait le point pour vous&hellip;\n","protected":false},"author":2,"featured_media":652896,"comment_status":"","ping_status":"","sticky":false,"template":"","format":"standard","meta":{"footnotes":""},"categories":[1591],"tags":[47,11,13987,16276,1073,1887,4710,131,2581,74,12,1885,1886,132,135,134],"class_list":{"0":"post-652895","1":"post","2":"type-post","3":"status-publish","4":"format-standard","5":"has-post-thumbnail","7":"category-russie","8":"tag-actualite","9":"tag-actualites","10":"tag-coree-du-nord","11":"tag-dnipro","12":"tag-emmanuel-macron","13":"tag-federation-de-russie","14":"tag-friedrich-merz","15":"tag-guerre-en-ukraine","16":"tag-keir-starmer","17":"tag-monde","18":"tag-news","19":"tag-russia","20":"tag-russian-federation","21":"tag-russie","22":"tag-vladimir-poutine","23":"tag-volodymyr-zelensky"},"share_on_mastodon":{"url":"https:\/\/pubeurope.com\/@fr\/115868105716412882","error":""},"_links":{"self":[{"href":"https:\/\/www.europesays.com\/fr\/wp-json\/wp\/v2\/posts\/652895","targetHints":{"allow":["GET"]}}],"collection":[{"href":"https:\/\/www.europesays.com\/fr\/wp-json\/wp\/v2\/posts"}],"about":[{"href":"https:\/\/www.europesays.com\/fr\/wp-json\/wp\/v2\/types\/post"}],"author":[{"embeddable":true,"href":"https:\/\/www.europesays.com\/fr\/wp-json\/wp\/v2\/users\/2"}],"replies":[{"embeddable":true,"href":"https:\/\/www.europesays.com\/fr\/wp-json\/wp\/v2\/comments?post=652895"}],"version-history":[{"count":0,"href":"https:\/\/www.europesays.com\/fr\/wp-json\/wp\/v2\/posts\/652895\/revisions"}],"wp:featuredmedia":[{"embeddable":true,"href":"https:\/\/www.europesays.com\/fr\/wp-json\/wp\/v2\/media\/652896"}],"wp:attachment":[{"href":"https:\/\/www.europesays.com\/fr\/wp-json\/wp\/v2\/media?parent=652895"}],"wp:term":[{"taxonomy":"category","embeddable":true,"href":"https:\/\/www.europesays.com\/fr\/wp-json\/wp\/v2\/categories?post=652895"},{"taxonomy":"post_tag","embeddable":true,"href":"https:\/\/www.europesays.com\/fr\/wp-json\/wp\/v2\/tags?post=652895"}],"curies":[{"name":"wp","href":"https:\/\/api.w.org\/{rel}","templated":true}]}}