{"id":652897,"date":"2026-01-10T01:02:11","date_gmt":"2026-01-10T01:02:11","guid":{"rendered":"https:\/\/www.europesays.com\/fr\/652897\/"},"modified":"2026-01-10T01:02:11","modified_gmt":"2026-01-10T01:02:11","slug":"guerre-en-ukraine-plus-de-400-000-foyers-de-kiev-prives-de-chauffage-en-plein-hiver-apres-des-frappes-russes","status":"publish","type":"post","link":"https:\/\/www.europesays.com\/fr\/652897\/","title":{"rendered":"Guerre en Ukraine\u00a0: plus de 400\u00a0000 foyers de Kiev priv\u00e9s de chauffage en plein hiver apr\u00e8s des frappes russes"},"content":{"rendered":"<p class=\"paragraph text_align_left lp-f-body-02\">Des frappes russes massives ont fait au moins quatre morts et priv\u00e9 de chauffage la moiti\u00e9 des immeubles r\u00e9sidentiels de Kiev, poussant le maire de la capitale ukrainienne \u00e0 appeler vendredi la population \u00e0 \u00e9vacuer \u00ab temporairement \u00bb la ville.<\/p>\n<p class=\"\">Cette nouvelle nuit de bombardements a vu l\u2019utilisation, pour la deuxi\u00e8me fois depuis le d\u00e9but de la guerre en f\u00e9vrier 2022 <a href=\"https:\/\/www.leparisien.fr\/international\/ukraine\/guerre-en-ukraine-missile-hypersonique-orechnik-utilise-au-moins-quatre-morts-ce-que-lon-sait-des-frappes-menees-par-la-russie-09-01-2026-4YEXZIZI6BC65HRBCROPLYOE3I.php\" target=\"_self\" rel=\"noopener\">du missile balistique russe de derni\u00e8re g\u00e9n\u00e9ration Orechnik<\/a>, dans l\u2019ouest de l\u2019Ukraine.<\/p>\n<p class=\"\">L\u2019Union europ\u00e9enne, Paris, Berlin et Londres ont \u00e0 cet \u00e9gard d\u00e9nonc\u00e9 <a href=\"https:\/\/www.leparisien.fr\/international\/ukraine\/tir-dun-missile-russe-orechnik-en-ukraine-une-escalade-inacceptable-pour-macron-merz-et-starmer-09-01-2026-V4UAJ4MZXFHIBISNDICXLV4GTY.php\" target=\"_self\" rel=\"noopener\">une \u00ab escalade \u00bb de la part de Moscou<\/a> dans l\u2019utilisation de ce missile de port\u00e9e interm\u00e9diaire (IRBM) capable d\u2019emporter des ogives nucl\u00e9aires.<\/p>\n<p>6 000 immeubles priv\u00e9s de chauffage<\/p>\n<p class=\"\">La Russie a continu\u00e9 de pilonner l\u2019Ukraine apr\u00e8s avoir rejet\u00e9 la veille le plan europ\u00e9en de d\u00e9ploiement d\u2019une force multinationale dans le pays apr\u00e8s une \u00e9ventuelle fin du conflit.<\/p>\n<p class=\"\">Le pr\u00e9sident ukrainien <a href=\"https:\/\/www.leparisien.fr\/international\/volodymyr-zelensky\/\" target=\"_self\" rel=\"noopener\">Volodymyr Zelensky<\/a> a r\u00e9clam\u00e9 une \u00ab r\u00e9action claire \u00bb de la communaut\u00e9 internationale apr\u00e8s cette attaque en pleine vague de froid, qui a touch\u00e9 une quarantaine de sites dans la capitale. Le parquet ukrainien a fait \u00e9tat de 4 morts et de 26 bless\u00e9s.<\/p>\n<p class=\"\">\u00ab La moiti\u00e9 des immeubles d\u2019habitation \u00e0 Kiev &#8211; pr\u00e8s de 6 000 &#8211; sont actuellement priv\u00e9s de chauffage \u00bb, s\u2019est alarm\u00e9 son maire, Vitali Klitschko, qui a exhort\u00e9 ceux qui le peuvent \u00e0 quitter \u00ab temporairement \u00bb la ville. Les journalistes n\u2019ont pas constat\u00e9 d\u2019affluence massive dans les gares routi\u00e8res et ferroviaires.<\/p>\n<p>Temp\u00e9ratures n\u00e9gatives<\/p>\n<p class=\"\">Des \u00e9quipes \u00e9taient \u00e0 l\u2019\u0153uvre vendredi par des temp\u00e9ratures oscillant entre -7 \u00b0C et -12 \u00b0C pour r\u00e9tablir au plus vite le chauffage dans la capitale, coup\u00e9 pour 417 000 foyers, selon l\u2019op\u00e9rateur \u00e9lectrique priv\u00e9 DTEK.<\/p>\n<p class=\"\">Le secr\u00e9taire g\u00e9n\u00e9ral de l\u2019ONU Antonio Guterres a condamn\u00e9 ces frappes. \u00ab Les attaques contre des civils et des infrastructures civiles violent le droit international humanitaire. Peu importe o\u00f9 elles se produisent, elles sont inacceptables et doivent cesser imm\u00e9diatement \u00bb, a-t-il d\u00e9clar\u00e9 selon son porte-parole.<\/p>\n<p class=\"\">Nina, 70 ans, qui vit dans l\u2019un des b\u00e2timents touch\u00e9s, s\u2019est dite en col\u00e8re que le monde parle d\u2019un possible accord pour mettre fin au conflit quand la Russie bombarde. \u00ab O\u00f9 est l\u2019Europe, o\u00f9 est l\u2019Am\u00e9rique ? \u00bb, a-t-elle lanc\u00e9.<\/p>\n<p>Missiles Orechnik<\/p>\n<p class=\"\">Moscou a dit avoir frapp\u00e9 des \u00ab cibles strat\u00e9giques \u00bb en Ukraine, notamment avec son missile balistique Orechnik, dont les ogives peuvent atteindre <a href=\"https:\/\/www.leparisien.fr\/international\/vitesse-portee-menace-inarretable-quest-ce-quorechnik-le-missile-avec-lequel-poutine-menace-de-frapper-kiev-29-11-2024-ZOQUQYNSZJGKRFS6CCIGJXTF2Y.php\" target=\"_self\" rel=\"noopener\">une vitesse d\u2019environ 13,000 km\/h<\/a>.<\/p>\n<p class=\"title-embed-dailymotion lp-color-text lp-f-subtitle-04\">Vid\u00e9o\u00ab Une m\u00e9t\u00e9orite \u00bb\u00a0: Poutine menace Kiev avec son missile hypersonique Orechnik<\/p>\n<p class=\"\">Selon le minist\u00e8re russe de la D\u00e9fense, ces attaques ont \u00e9t\u00e9 men\u00e9es \u00ab en r\u00e9ponse \u00bb \u00e0 une tentative ukrainienne de frapper une r\u00e9sidence de Vladimir Poutine fin d\u00e9cembre, des accusations que Kiev et les Occidentaux <a href=\"https:\/\/www.leparisien.fr\/international\/ukraine\/attaque-presumee-sur-une-residence-de-poutine-larmee-russe-publie-une-video-dun-drone-quelle-attribue-a-kiev-31-12-2025-FL7F5W7MSVBCNBYKVTKULTXXIA.php\" target=\"_self\" rel=\"noopener\">qualifient de \u00ab mensonges \u00bb<\/a>.<\/p>\n<p class=\"\">Le service ukrainien de s\u00e9curit\u00e9 (SBU) a diffus\u00e9 des images de d\u00e9bris pr\u00e9sent\u00e9s comme \u00e9tant ceux du missile Orechnik utilis\u00e9 par Moscou pour frapper la r\u00e9gion de Lviv (ouest). Il n\u2019a pas pr\u00e9cis\u00e9 quelles cibles avaient \u00e9t\u00e9 vis\u00e9es par l\u2019engin ni l\u2019ampleur des d\u00e9g\u00e2ts.<\/p>\n<p class=\"\">Des habitants de Roudno, en p\u00e9riph\u00e9rie de Lviv, ont affirm\u00e9 avoir entendu des explosions et certains ont signal\u00e9 des coupures de gaz. \u00ab Il fait -18 \u00e0 -20 \u00b0C et il n\u2019y a plus de gaz. Les gens ont des jeunes enfants, des familles. Comment peuvent-ils vivre sans pouvoir se r\u00e9chauffer ? \u00bb, s\u2019est interrog\u00e9e Slava, une femme de 70 ans.<\/p>\n<p class=\"\">Le ministre ukrainien des Affaires \u00e9trang\u00e8res, Andri\u00ef Sybiga, a estim\u00e9 que l\u2019attaque, dans une r\u00e9gion situ\u00e9e pr\u00e8s de la fronti\u00e8re avec l\u2019UE et l\u2019Otan, \u00e9tait un \u00ab test pour l\u2019alliance transatlantique \u00bb.<\/p>\n<p>\u00ab Cibles l\u00e9gitimes \u00bb<\/p>\n<p class=\"\">Pr\u00e8s de quatre ans apr\u00e8s le d\u00e9clenchement par le Kremlin de <a href=\"https:\/\/www.leparisien.fr\/international\/ukraine\/\" target=\"_self\" rel=\"noopener\">l\u2019offensive \u00e0 grande \u00e9chelle<\/a>, l\u2019arm\u00e9e russe continue de bombarder l\u2019Ukraine quasi-quotidiennement, ciblant notamment les installations \u00e9nerg\u00e9tiques et portuaires. En r\u00e9ponse, l\u2019Ukraine vise \u00e9galement les infrastructures \u00e9nerg\u00e9tiques russes.<\/p>\n<p class=\"\">Quelque 556 000 personnes ont ainsi \u00e9t\u00e9 priv\u00e9es vendredi matin de courant et de chauffage dans la r\u00e9gion russe de Belgorod, frontali\u00e8re de l\u2019Ukraine, selon son gouverneur, Viatcheslav Gladkov.<\/p>\n<p class=\"\">Ces nouvelles frappes interviennent \u00e0 un moment o\u00f9 les discussions diplomatiques impuls\u00e9es par le pr\u00e9sident am\u00e9ricain Donald Trump ces derniers mois semblent dans l\u2019impasse.<\/p>\n","protected":false},"excerpt":{"rendered":"Des frappes russes massives ont fait au moins quatre morts et priv\u00e9 de chauffage la moiti\u00e9 des immeubles&hellip;\n","protected":false},"author":2,"featured_media":652898,"comment_status":"","ping_status":"","sticky":false,"template":"","format":"standard","meta":{"footnotes":""},"categories":[1590],"tags":[11,1777,674,14,12,220],"class_list":{"0":"post-652897","1":"post","2":"type-post","3":"status-publish","4":"format-standard","5":"has-post-thumbnail","7":"category-ukraine","8":"tag-actualites","9":"tag-eu","10":"tag-europe","11":"tag-international","12":"tag-news","13":"tag-ukraine"},"share_on_mastodon":{"url":"https:\/\/pubeurope.com\/@fr\/115868109550603950","error":""},"_links":{"self":[{"href":"https:\/\/www.europesays.com\/fr\/wp-json\/wp\/v2\/posts\/652897","targetHints":{"allow":["GET"]}}],"collection":[{"href":"https:\/\/www.europesays.com\/fr\/wp-json\/wp\/v2\/posts"}],"about":[{"href":"https:\/\/www.europesays.com\/fr\/wp-json\/wp\/v2\/types\/post"}],"author":[{"embeddable":true,"href":"https:\/\/www.europesays.com\/fr\/wp-json\/wp\/v2\/users\/2"}],"replies":[{"embeddable":true,"href":"https:\/\/www.europesays.com\/fr\/wp-json\/wp\/v2\/comments?post=652897"}],"version-history":[{"count":0,"href":"https:\/\/www.europesays.com\/fr\/wp-json\/wp\/v2\/posts\/652897\/revisions"}],"wp:featuredmedia":[{"embeddable":true,"href":"https:\/\/www.europesays.com\/fr\/wp-json\/wp\/v2\/media\/652898"}],"wp:attachment":[{"href":"https:\/\/www.europesays.com\/fr\/wp-json\/wp\/v2\/media?parent=652897"}],"wp:term":[{"taxonomy":"category","embeddable":true,"href":"https:\/\/www.europesays.com\/fr\/wp-json\/wp\/v2\/categories?post=652897"},{"taxonomy":"post_tag","embeddable":true,"href":"https:\/\/www.europesays.com\/fr\/wp-json\/wp\/v2\/tags?post=652897"}],"curies":[{"name":"wp","href":"https:\/\/api.w.org\/{rel}","templated":true}]}}