{"id":65291,"date":"2025-04-30T21:04:20","date_gmt":"2025-04-30T21:04:20","guid":{"rendered":"https:\/\/www.europesays.com\/fr\/65291\/"},"modified":"2025-04-30T21:04:20","modified_gmt":"2025-04-30T21:04:20","slug":"la-nuit-des-musees-2025-actualites","status":"publish","type":"post","link":"https:\/\/www.europesays.com\/fr\/65291\/","title":{"rendered":"La nuit des mus\u00e9es 2025 \/ Actualit\u00e9s"},"content":{"rendered":"<p>Comme partout en Europe, <strong>la Ville de Lille ouvre les portes de ses mus\u00e9es pour permettre aux visiteurs de d\u00e9couvrir des collections et des expositions sp\u00e9ciales<\/strong> le soir et la nuit du samedi 17 mai 2025.\u00a0<\/p>\n<p>En 2024, et comme chaque ann\u00e9e, l&rsquo;\u00e9v\u00e9nement fut un succ\u00e8s : en quelques heures, 6\u00a0734 visiteurs se sont rendus au Palais des Beaux-Arts et au Mus\u00e9e de l&rsquo;Hospice Comtesse et ont pu profiter de l\u2019ensemble des collections, expositions et \u00e9v\u00e9nements propos\u00e9s gratuitement par la Ville de Lille (soit 1\u00a0476 personnes de plus qu\u2019en 2023).<\/p>\n<p><strong>Programme 2025<\/strong>Palais des Beaux-Arts<\/p>\n<p><strong>De 18h \u00e0 00h &#8211; Place de la R\u00e9publique<\/strong><\/p>\n<p>\nUne nuit au son des cornemuses avec des danseurs en costumes d\u2019\u00e9poque, des visites guid\u00e9es et un atelier hors les murs du Mus\u00e9e d\u2019Histoire Naturelle de Lille.\u00a0Le beau caf\u00e9 reste ouvert toute la soir\u00e9e !<br \/>En partenariat avec les Amis des mus\u00e9es et le Mus\u00e9e d&rsquo;Histoire Naturelle de Lille (actuellement ferm\u00e9 pour travaux, et qui poursuit sa programmation hors les murs).<\/p>\n<p>&gt; <a href=\"https:\/\/www.lille.fr\/Evenements\/Nuit-des-musees-au-Palais-des-Beaux-Arts\" target=\"_self\" class=\"lien_interne\" rel=\"nofollow noopener\">Plus d&rsquo;infos<\/a><\/p>\n<p>Mus\u00e9e de l\u2019Hospice Comtesse<\/p>\n<p><strong>De 18h \u00e0 00h &#8211; 32 rue de la Monnaie<\/strong><\/p>\n<p>Au programme, des visites \u00ab flash \u00bb th\u00e9matiques sur l&rsquo;histoire du lieu, les arts de la table, l&rsquo;engouement pour les sciences et l\u2019exploration, les r\u00e9jouissances populaires lilloises, ainsi que des ateliers \u00e0 faire en famille (\u00e0 partir de 5 ans) autour des masques et des parades.<\/p>\n<p>L\u2019exposition <a href=\"https:\/\/www.lille.fr\/Evenements\/The-distorted-party\" target=\"_self\" class=\"lien_interne\" rel=\"nofollow noopener\">The distorted party<\/a>, pr\u00e9sent\u00e9e dans le cadre de la saison Fiesta de lille3000, sera \u00e9galement \u00e0 d\u00e9couvrir gratuitement !<\/p>\n<p>&gt; <a href=\"https:\/\/www.lille.fr\/Evenements\/Nuit-europeenne-des-musees3\" target=\"_self\" class=\"lien_interne\" rel=\"nofollow noopener\">Plus d&rsquo;infos<\/a><\/p>\n<p>Mus\u00e9e des \u00e9coles<\/p>\n<p><strong>De 20h \u00e0 23h (derni\u00e8re entr\u00e9e \u00e0 22h30) &#8211; 2 rue Fr\u00e9d\u00e9ric Mottez<\/strong><\/p>\n<p>Nostalgie, nostalgie, quand tu nous tiens &#8230; Au programme :\u00a0<\/p>\n<ul class=\"listPuce\">\n<li>Visite nocturne du mus\u00e9e, dict\u00e9e du Certif \u00e0 la plume et \u00e0 l&rsquo;encre violette, \u00e9clair\u00e9e \u00e0 la bougie, sans trop vous tacher les doigts.<\/li>\n<li>Focus sur les outils de projection de lumi\u00e8re.<\/li>\n<li>Une projection d&rsquo;un diaporama en diapositives vous transportera un demi-si\u00e8cle en arri\u00e8re&#8230;.<\/li>\n<li>Objets myst\u00e9rieux<\/li>\n<li>Bo\u00eete \u00e0 myst\u00e8res<\/li>\n<li>Challenge des osselets.<\/li>\n<\/ul>\n<p>&gt; <a href=\"https:\/\/www.lille.fr\/Evenements\/Dictee-a-la-bougie-et-animations\" target=\"_self\" class=\"lien_interne\" rel=\"nofollow noopener\">Plus d&rsquo;infos<\/a><\/p>\n<p>            <img src-full=\"\/var\/www\/storage\/images\/mediatheque\/mairie-de-lille\/actualites\/images\/2024\/mai-2024\/nuit-des-musees-musee-des-ecoles\/3503164-1-fre-FR\/Nuit-des-musees-musee-des-ecoles.jpg\" data-caption-full=\"Dict\u00e9e au mus\u00e9e des \u00e9coles - Nuit des mus\u00e9es 2024 - Photo GF, Ville de Lille\" width=\"465\" height=\"310\" alt=\"Nuit des mus\u00e9es - mus\u00e9e des \u00e9coles\" title=\"Nuit des mus\u00e9es - mus\u00e9e des \u00e9coles\" class=\"align-\"\/>\n    <\/p>\n<p>Maison natale Charles de Gaulle<\/p>\n<p><strong>De 19h \u00e0 00h &#8211; 9 rue Princesse<\/strong><\/p>\n<p>\nFaites un saut dans le temps ! Apr\u00e8s avoir retrouv\u00e9 ses d\u00e9cors et son ambiance, la Maison natale Charles de Gaulle retrouve ses habitants le temps d\u2019une soir\u00e9e.<br \/>D\u00e9couvrez cette demeure hors du commun et plongez au c\u0153ur de la Belle \u00c9poque dans l&rsquo;enfance de Charles de Gaulle.<\/p>\n<ul class=\"listPuce\">\n<li>Visites guid\u00e9es tous les 15 minutes (dernier d\u00e9part \u00e0 1h)<\/li>\n<li>Sans r\u00e9servation<\/li>\n<li>Public : les personnes \u00e0 mobilit\u00e9 r\u00e9duite ne peuvent \u00eatre accueillies lors de cet \u00e9v\u00e9nement.<\/li>\n<\/ul>\n<p>La culture, une priorit\u00e9 \u00e0 Lille<\/p>\n<p><strong>Capitale europ\u00e9enne de la Culture en 2004, Lille ne cesse de placer\u00a0<\/strong><strong>la culture au c\u0153ur\u00a0du projet municipal<\/strong><strong>, une culture accessible \u00e0 tous. Ainsi, depuis 2019, la Ville a instaur\u00e9 la gratuit\u00e9 pour les Lillois, Hellemmois et Lommois chaque dimanche. En septembre 2022, Lille a lanc\u00e9, aux villes europ\u00e9ennes, un \u00ab\u00a0Appel \u00e0 agir pour une culture moins carbon\u00e9e et plus inclusive\u00a0\u00bb<\/strong>. Gr\u00e2ce \u00e0 l\u2019impulsion et \u00e0 l\u2019investissement de la Ville de Lille, ce sont aujourd\u2019hui\u00a0<strong>45 villes europ\u00e9ennes qui ont sign\u00e9 l\u2019Appel \u00e0 agir 20221<\/strong>\u00a0et se sont engag\u00e9es ensemble \u00e0 innover pour accompagner la transition \u00e9cologique du secteur culturel.<\/p>\n<p><strong>1.\u00a0<\/strong>Appel lanc\u00e9 avec le r\u00e9seau Eurocities, en septembre 2022, en cl\u00f4ture de la saison Utopia et en ouverture du Brussels Urban Summit, Forum mondial des villes. L\u2019Appel \u00e0 agir 2022 repose sur 16 priorit\u00e9s r\u00e9parties en deux piliers\u00a0: la transition \u00e9cologique et l\u2019inclusion.<\/p>\n<p>&gt; <a href=\"https:\/\/www.lille.fr\/A-l-affiche\" target=\"_self\" class=\"lien_interne\" rel=\"nofollow noopener\">Tout savoir sur la vie des mus\u00e9es lillois.<\/a><\/p>\n","protected":false},"excerpt":{"rendered":"Comme partout en Europe, la Ville de Lille ouvre les portes de ses mus\u00e9es pour permettre aux visiteurs&hellip;\n","protected":false},"author":2,"featured_media":65292,"comment_status":"","ping_status":"","sticky":false,"template":"","format":"standard","meta":{"footnotes":""},"categories":[2815],"tags":[1111,11,4763,1777,674,1011,27,811,1307,5415,12,25],"class_list":{"0":"post-65291","1":"post","2":"type-post","3":"status-publish","4":"format-standard","5":"has-post-thumbnail","7":"category-lille","8":"tag-actu","9":"tag-actualites","10":"tag-agenda","11":"tag-eu","12":"tag-europe","13":"tag-fr","14":"tag-france","15":"tag-hauts-de-france","16":"tag-lille","17":"tag-mairie","18":"tag-news","19":"tag-republique-francaise"},"share_on_mastodon":{"url":"https:\/\/pubeurope.com\/@fr\/114428947069974795","error":""},"_links":{"self":[{"href":"https:\/\/www.europesays.com\/fr\/wp-json\/wp\/v2\/posts\/65291","targetHints":{"allow":["GET"]}}],"collection":[{"href":"https:\/\/www.europesays.com\/fr\/wp-json\/wp\/v2\/posts"}],"about":[{"href":"https:\/\/www.europesays.com\/fr\/wp-json\/wp\/v2\/types\/post"}],"author":[{"embeddable":true,"href":"https:\/\/www.europesays.com\/fr\/wp-json\/wp\/v2\/users\/2"}],"replies":[{"embeddable":true,"href":"https:\/\/www.europesays.com\/fr\/wp-json\/wp\/v2\/comments?post=65291"}],"version-history":[{"count":0,"href":"https:\/\/www.europesays.com\/fr\/wp-json\/wp\/v2\/posts\/65291\/revisions"}],"wp:featuredmedia":[{"embeddable":true,"href":"https:\/\/www.europesays.com\/fr\/wp-json\/wp\/v2\/media\/65292"}],"wp:attachment":[{"href":"https:\/\/www.europesays.com\/fr\/wp-json\/wp\/v2\/media?parent=65291"}],"wp:term":[{"taxonomy":"category","embeddable":true,"href":"https:\/\/www.europesays.com\/fr\/wp-json\/wp\/v2\/categories?post=65291"},{"taxonomy":"post_tag","embeddable":true,"href":"https:\/\/www.europesays.com\/fr\/wp-json\/wp\/v2\/tags?post=65291"}],"curies":[{"name":"wp","href":"https:\/\/api.w.org\/{rel}","templated":true}]}}