{"id":652925,"date":"2026-01-10T01:21:26","date_gmt":"2026-01-10T01:21:26","guid":{"rendered":"https:\/\/www.europesays.com\/fr\/652925\/"},"modified":"2026-01-10T01:21:26","modified_gmt":"2026-01-10T01:21:26","slug":"faire-rayonner-linterceltisme-a-lorient-huit-statues-dartistes-des-nations-celtes-en-projet","status":"publish","type":"post","link":"https:\/\/www.europesays.com\/fr\/652925\/","title":{"rendered":"\u00ab\u00a0Faire rayonner l\u2019interceltisme \u00e0 Lorient\u00a0\u00bb\u00a0: huit statues d\u2019artistes des nations celtes en projet"},"content":{"rendered":"<p>Huit statues de musiciens issus de l\u2019une des huit nations celtes, c\u2019est le projet port\u00e9 par la nouvelle association <a href=\"https:\/\/lorientcapitaleinterceltique.bzh\/\" target=\"_blank\" rel=\"noopener\">Lorient capitale interceltique<\/a>. Chaque artiste, reconnu du Festival interceltique et s\u2019\u00e9tant produit \u00e0 plusieurs reprises, sera repr\u00e9sent\u00e9 jouant d\u2019un instrument embl\u00e9matique de sa nation. Les statues \ufeffseront ainsi diss\u00e9min\u00e9es \u00e0 travers Lorient. \u00ab\u00a0L\u2019id\u00e9e, c\u2019est d\u2019avoir un parcours statuaire dans la ville, d\u2019imaginer une d\u00e9ambulation. Les grandes places ont \u00e9t\u00e9 fl\u00e9ch\u00e9es mais nous n\u2019avons pas encore d\u00e9fini qui ira o\u00f9\u00a0\u00bb, explique Sophie Palant Le Hegarat, adjointe \u00e0 la Ville de Lorient d\u00e9l\u00e9gu\u00e9e \u00e0 la culture. Un syst\u00e8me de QR code, permettant de d\u00e9couvrir l\u2019histoire de la personne et d\u2019\u00e9couter des morceaux, est \u00e9galement envisag\u00e9.<\/p>\n<p>Pour ce projet, le Festival interceltique de Lorient (Fil) et l\u2019association Lorient capitale interceltique travaillent main dans la main. Les trois premiers artistes ont \u00e9t\u00e9 d\u00e9voil\u00e9s, jeudi 8 janvier 2026, en pr\u00e9sence des nombreux acteurs mobilis\u00e9s autour de ce projet\u00a0: la Ville de Lorient, les associations Emglev bro an Oriant, Mignoned Polig Monjarret et R. Micheau Vernez, ainsi que l\u2019institut culturel de Bretagne. L\u2019Irlande, l\u2019\u00c9cosse et la Galice seront les trois premiers pays \u00e0 l\u2019honneur.<\/p>\n<p>Les trois premiers artistes<\/p>\n<p>La premi\u00e8re statue \u00e9rig\u00e9e dans la ville sera celle de l\u2019Irlandais Paddy Moloney, l\u2019un des fondateurs du groupe de musique irlandaise The Chieftains, d\u00e9c\u00e9d\u00e9 en 2021. Comme Polig Monjarret, il sera assis sur un banc et jouera du uilleann pipe, un instrument tr\u00e8s symbolique de l\u2019Irlande. \u00ab\u00a0Paddy est venu une dizaine de fois au Fil. Il avait une histoire particuli\u00e8re avec Lorient. En plus, c\u2019\u00e9tait un ami de Polig\u00a0\u00bb, raconte Jean-Philippe Mauras, secr\u00e9taire de l\u2019association et directeur artistique du Fil. La seconde statue sera celle de Gordon Duncan, joueur de cornemuse \u00e9cossaise, venu dix fois entre 1981 et 2000. En 1998, il avait remport\u00e9 le troph\u00e9e Macallan, ancienne appellation du Troph\u00e9e Mac Crimmon. L\u2019artiste est d\u00e9c\u00e9d\u00e9 en 2005.<\/p>\n<p>Puis, viendra celle du Galicien Carlos N\u00fa\u00f1ez, sonneur de ga\u00efta. L\u2019espagnol sera d\u2019ailleurs en concert \u00e0 Lorient pour deux repr\u00e9sentations, les 18 et 19 mars, dans le cadre des <a href=\"https:\/\/www.festival-interceltique.bzh\/carlos-nunez-echappees-interceltiques-18-19-mars-2026\/\" target=\"_blank\" rel=\"noopener\">\u00c9chapp\u00e9es interceltiques<\/a>.<\/p>\n<p><img decoding=\"async\" src=\"https:\/\/www.europesays.com\/fr\/wp-content\/uploads\/2026\/01\/69600b8f27e5576fe30bbe91.1.jpeg\" width=\"480\" height=\"300\" class=\"web_golden_m\" loading=\"lazy\" alt=\"Comme Polig Monjarret, l\u2019Irlandais Paddy Moloney sera assis sur un banc et jouera du uilleann pipe, instrument repr\u00e9sentatif de la musique irlandaise.\"\/>Comme Polig Monjarret, l\u2019Irlandais Paddy Moloney sera assis sur un banc et jouera du uilleann pipe, instrument repr\u00e9sentatif de la musique irlandaise. (Archives Le T\u00e9l\u00e9gramme)Faire rayonner l\u2019interceltisme<\/p>\n<p>Cette id\u00e9e a germ\u00e9 il y a deux \u00e0 trois ans. \u00ab\u00a0Lorient a la chance d\u2019avoir le Festival interceltique, qui permet de d\u00e9couvrir culture et musique celtique, et de nombreuses associations bretonnes\u00a0\u00bb, raconte Jean-Yves Le Touze, pr\u00e9sident de l\u2019association Lorient capitale interceltique. Le lien qui unit Lorient aux nations celtes est d\u00e9j\u00e0 visible, notamment avec plusieurs ronds-points qui portent les noms des pays (Galice, \u00c9cosse\u2026), un panneau sur la p\u00e9n\u00e9trante et quelques concerts et initiatives hors festival. Pour le maire, Fabrice Loher, \u00ab\u00a0l\u2019ambition est de faire rayonner l\u2019interceltisme \u00e0 Lorient et le rendre visible \u00e0 l\u2019ann\u00e9e\u00a0\u00bb. \u00ab\u00a0D\u2019autres id\u00e9es sont avanc\u00e9es, comme une fresque, quai de Rohan, et des photos \u00e0 travers la ville\u00a0\u00bb, compl\u00e8te Jean-Yves Le Touze.<\/p>\n<p><img decoding=\"async\" src=\"https:\/\/www.europesays.com\/fr\/wp-content\/uploads\/2026\/01\/69600b8f529291ec9c000481.1.jpeg\" width=\"480\" height=\"300\" class=\"web_golden_m\" loading=\"lazy\" alt=\"La sculptrice Annick Leroy a r\u00e9cemment r\u00e9alis\u00e9 le buste de la fondatrice du FC Lorient, Monique Cuissard. Elle r\u00e9alisera la statue de l\u2019Irlandais Paddy Moloney.\"\/>La sculptrice Annick Leroy a r\u00e9cemment r\u00e9alis\u00e9 le buste de la fondatrice du FC Lorient, Monique Cuissard. Elle r\u00e9alisera la statue de l\u2019Irlandais Paddy Moloney. (Le T\u00e9l\u00e9gramme\/Carine Chevrollier)40\u00a0000 \u00e0 50\u00a0000 \u20ac par statue<\/p>\n<p>Deux sculptrices, Annick Leroy et Anne Smith, ont \u00e9t\u00e9 sollicit\u00e9es pour ce projet dont le co\u00fbt, pour chaque statue, est estim\u00e9 entre 40\u00a0000 et 50\u00a0000 \u20ac. Les esquisses sont d\u00e9j\u00e0 pr\u00eates et il faudra compter six \u00e0 huit mois avant de voir la premi\u00e8re appara\u00eetre \u00e0 Lorient. Un appel au public est lanc\u00e9 pour aider au financement, ainsi qu\u2019un m\u00e9c\u00e9nat. La Ville de Lorient et le Conseil r\u00e9gional devraient \u00e9galement apporter leur soutien. Mais, \u00ab\u00a0Ce n\u2019est pas un projet loriento-lorientais, remarque Jean-Philippe Mauras\u00a0; il est men\u00e9 avec chaque nation d\u2019origine des artistes. L\u2019id\u00e9e est d\u2019\u00eatre accompagn\u00e9 par les nations celtes, autant sur la r\u00e9alisation que sur le financement\u00a0\u00bb.<\/p>\n<p>Pratique<\/p>\n","protected":false},"excerpt":{"rendered":"Huit statues de musiciens issus de l\u2019une des huit nations celtes, c\u2019est le projet port\u00e9 par la nouvelle&hellip;\n","protected":false},"author":2,"featured_media":652926,"comment_status":"","ping_status":"","sticky":false,"template":"","format":"standard","meta":{"footnotes":""},"categories":[1358],"tags":[1348,1384,1385,1386,58,59,38160,1011,27,1781],"class_list":{"0":"post-652925","1":"post","2":"type-post","3":"status-publish","4":"format-standard","5":"has-post-thumbnail","7":"category-arts-et-design","8":"tag-arts","9":"tag-arts-and-design","10":"tag-arts-et-design","11":"tag-design","12":"tag-divertissement","13":"tag-entertainment","14":"tag-festival-interceltique","15":"tag-fr","16":"tag-france","17":"tag-lorient"},"share_on_mastodon":{"url":"https:\/\/pubeurope.com\/@fr\/115868184338929237","error":""},"_links":{"self":[{"href":"https:\/\/www.europesays.com\/fr\/wp-json\/wp\/v2\/posts\/652925","targetHints":{"allow":["GET"]}}],"collection":[{"href":"https:\/\/www.europesays.com\/fr\/wp-json\/wp\/v2\/posts"}],"about":[{"href":"https:\/\/www.europesays.com\/fr\/wp-json\/wp\/v2\/types\/post"}],"author":[{"embeddable":true,"href":"https:\/\/www.europesays.com\/fr\/wp-json\/wp\/v2\/users\/2"}],"replies":[{"embeddable":true,"href":"https:\/\/www.europesays.com\/fr\/wp-json\/wp\/v2\/comments?post=652925"}],"version-history":[{"count":0,"href":"https:\/\/www.europesays.com\/fr\/wp-json\/wp\/v2\/posts\/652925\/revisions"}],"wp:featuredmedia":[{"embeddable":true,"href":"https:\/\/www.europesays.com\/fr\/wp-json\/wp\/v2\/media\/652926"}],"wp:attachment":[{"href":"https:\/\/www.europesays.com\/fr\/wp-json\/wp\/v2\/media?parent=652925"}],"wp:term":[{"taxonomy":"category","embeddable":true,"href":"https:\/\/www.europesays.com\/fr\/wp-json\/wp\/v2\/categories?post=652925"},{"taxonomy":"post_tag","embeddable":true,"href":"https:\/\/www.europesays.com\/fr\/wp-json\/wp\/v2\/tags?post=652925"}],"curies":[{"name":"wp","href":"https:\/\/api.w.org\/{rel}","templated":true}]}}