{"id":652927,"date":"2026-01-10T01:23:10","date_gmt":"2026-01-10T01:23:10","guid":{"rendered":"https:\/\/www.europesays.com\/fr\/652927\/"},"modified":"2026-01-10T01:23:10","modified_gmt":"2026-01-10T01:23:10","slug":"christine-bravo-absente-de-tbt9-cyril-hanouna-donne-de-ses-nouve","status":"publish","type":"post","link":"https:\/\/www.europesays.com\/fr\/652927\/","title":{"rendered":"Christine Bravo absente de TBT9, Cyril Hanouna donne de ses nouve &#8230;"},"content":{"rendered":"<p>EN BREF<\/p>\n<ul class=\"bloc_resume_post_list\">\n<li>Christine Bravo, figure embl\u00e9matique de la t\u00e9l\u00e9vision<br \/>\nfran\u00e7aise, est soci\u00e9taire des Grosses T\u00eates et chroniqueuse pour<br \/>\nCyril Hanouna sur W9.<\/li>\n<li>Un conflit de longue date avec Matthieu Delormeau a \u00e9t\u00e9<br \/>\nr\u00e9solu, permettant \u00e0 Christine Bravo de rejoindre l\u00a0\u00bb\u00e9quipe de<br \/>\nTBT9.<\/li>\n<li>L&rsquo;absence de Christine Bravo depuis janvier 2026<br \/>\nintrigue, mais Cyril Hanouna promet son retour imminent sur le<br \/>\nplateau.<\/li>\n<\/ul>\n<p><strong>Visage embl\u00e9matique du paysage audiovisuel<br \/>\nfran\u00e7ais<\/strong> depuis de nombreuses ann\u00e9es. Christine Bravo est<br \/>\nactuellement l&rsquo;une des <a href=\"https:\/\/www.telestar.fr\/people\/tu-avais-le-barreau-laurent-ruquier-terriblement-gene-par-des-revelations-de-christine-bravo-sur-son-intimite-823662\" target=\"_blank\" rel=\"noopener\"><br \/>\nsoci\u00e9taires des Grosses T\u00eates de Laurent Ruquier<\/a> sur RTL.<br \/>\nR\u00e9cemment, l&rsquo;ancienne animatrice de l&rsquo;\u00e9mission culte Frou-Frou a<br \/>\n<a href=\"https:\/\/www.telestar.fr\/actu-tv\/complement-d-enquete-sur-cyril-hanouna-c-est-des-m-rdes-!-christine-bravo-defend-l-animateur-dans-tpmp-847908\" target=\"_blank\" rel=\"noopener\"><br \/>\nint\u00e9gr\u00e9 la bande des chroniqueurs de Cyril Hanouna<\/a> dans le<br \/>\ntalk-show Tout beau tout neuf. Diffus\u00e9 quotidiennement sur<br \/>\nl&rsquo;antenne de W9.<\/p>\n<p>Pour rappel, Christine Bravo a bien failli ne pas rejoindre TBT9<br \/>\n\u00e0 cause de la pr\u00e9sence de Matthieu Delormeau au sein du programme.<br \/>\n\u00ab\u00a0Je n&rsquo;ai pas du tout envie de venir dans votre \u00e9mission pour<br \/>\n<a href=\"https:\/\/www.telestar.fr\/actu_tv\/je-ne-veux-pas-te-voir-on-en-sait-enfin-plus-sur-le-clash-entre-matthieu-delormeau-et-christine-bravo-1745182\" target=\"_blank\" rel=\"noopener\"><br \/>\nr\u00e9gler des comptes avec Matthieu Delormeau.<\/a> (&#8230;) Il ment quand<br \/>\nil dit qu&rsquo;il n&rsquo;a jamais fait de radio puisqu&rsquo;il travaillait<br \/>\navec\u00a0Jean-Marc Morandini. (&#8230;) <strong>Le probl\u00e8me, c&rsquo;est que<br \/>\nmon mari veut lui casser le nez<\/strong>\u00ab\u00a0, avait notamment<br \/>\nd\u00e9clar\u00e9 l&rsquo;animatrice.<\/p>\n<p>En conflit depuis de nombreuses ann\u00e9es, Christine Bravo et<br \/>\nMatthieu Delormeau se sont r\u00e9concili\u00e9s dans TBT9<\/p>\n<p>\u00ab\u00a0\u00c7a a dur\u00e9 dix ans.<strong>\u00a0Pendant dix ans,<br \/>\nelle m&rsquo;en a mis plein la tronche.<\/strong> Elle<br \/>\nrefusait\u00a0TPMP People avant que, tr\u00e8s<br \/>\ngentiment, Jordan lui explique que ce n&rsquo;\u00e9tait pas moi. Que c&rsquo;\u00e9tait<br \/>\nBaffie et qu&rsquo;elle s&rsquo;est tromp\u00e9e pendant dix ans. Christine,<br \/>\nvraiment, c&rsquo;est un malentendu \u00e9norme. [&#8230;] Soit tu m&rsquo;as confondu<br \/>\navec Beaugrand, soit avec Baffie, je ne sais pas. J&rsquo;ai toujours<br \/>\ntrouv\u00e9 que vous \u00e9tiez la plus brillante du PAF. Donc \u00e7a me fait de<br \/>\nla peine\u00a0\u00bb, avait indiqu\u00e9 Matthieu Delormeau de son c\u00f4t\u00e9.<\/p>\n<p>Au final, les deux chroniqueurs de Cyril Hanouna avaient enterr\u00e9<br \/>\nla hache de guerre. \u00ab\u00a0J&rsquo;accepte les excuses de Mathieu<br \/>\nDelormeau. Car oui je peux entendre qu&rsquo;il ait re\u00e7u des directives<br \/>\npar son patron. M\u00eame s&rsquo;il n&rsquo;\u00e9tait pas oblig\u00e9 de les suivre.<br \/>\n<strong>On a chacun son libre arbitre.<\/strong> (&#8230;) Alors, on ne<br \/>\nparle plus du tout de cela. (&#8230;) Et je serais heureuse de venir en<br \/>\nplateau, quels que soient les chroniqueurs pr\u00e9sents\u00a0\u00bb, avait<br \/>\nainsi soulign\u00e9 Christine Bravo.<\/p>\n<p>Cyril Hanouna a \u00e9voqu\u00e9 l&rsquo;absence de sa<br \/>\nnouvelle chroniqueuse depuis le d\u00e9but de l&rsquo;ann\u00e9e sur W9<\/p>\n<p>Lundi 5 janvier 2026, Cyril Hanouna \u00e9tait de retour sur<br \/>\nl&rsquo;antenne de W9 apr\u00e8s ses traditionnelles vacances pour les f\u00eates<br \/>\nde fin d&rsquo;ann\u00e9e. Alors que plusieurs chroniqueurs se sont succ\u00e9d\u00e9s<br \/>\nau fil des \u00e9missions depuis le d\u00e9but de l&rsquo;ann\u00e9e. <strong>Christine<br \/>\nBravo fait actuellement figure de grande absente<\/strong>. Au m\u00eame<br \/>\ntitre que Gilles Verdez.<\/p>\n<p>Si Cyril Hanouna a d\u00e9j\u00e0 expliqu\u00e9 les raisons pour lesquelles<br \/>\nGilles Verdez n&rsquo;apparait pas dans TBT9 depuis la reprise de<br \/>\nl&rsquo;\u00e9mission en 2026. L&rsquo;animateur ne s&rsquo;\u00e9tait pas encore exprim\u00e9 sur<br \/>\nl&rsquo;absence de Christine Bravo. Ce fut chose faite le vendredi 9<br \/>\njanvier 2026. \u00ab\u00a0Vous pourriez vivre sur une p\u00e9niche comme<br \/>\nChristine Bravo ? <strong>Que j&#8217;embrasse et qui va bient\u00f4t revenir<br \/>\nnous voir<\/strong>\u00ab\u00a0, a ainsi lanc\u00e9 le pr\u00e9sentateur vedette de<br \/>\nW9 en d\u00e9but d&rsquo;\u00e9mission.<\/p>\n","protected":false},"excerpt":{"rendered":"EN BREF Christine Bravo, figure embl\u00e9matique de la t\u00e9l\u00e9vision fran\u00e7aise, est soci\u00e9taire des Grosses T\u00eates et chroniqueuse pour&hellip;\n","protected":false},"author":2,"featured_media":652928,"comment_status":"","ping_status":"","sticky":false,"template":"","format":"standard","meta":{"footnotes":""},"categories":[1356],"tags":[548,31049,58,59,1011,27,252,1364],"class_list":{"0":"post-652927","1":"post","2":"type-post","3":"status-publish","4":"format-standard","5":"has-post-thumbnail","7":"category-television","8":"tag-article-simple","9":"tag-christine-bravo","10":"tag-divertissement","11":"tag-entertainment","12":"tag-fr","13":"tag-france","14":"tag-television","15":"tag-tv"},"share_on_mastodon":{"url":"https:\/\/pubeurope.com\/@fr\/115868192240165072","error":""},"_links":{"self":[{"href":"https:\/\/www.europesays.com\/fr\/wp-json\/wp\/v2\/posts\/652927","targetHints":{"allow":["GET"]}}],"collection":[{"href":"https:\/\/www.europesays.com\/fr\/wp-json\/wp\/v2\/posts"}],"about":[{"href":"https:\/\/www.europesays.com\/fr\/wp-json\/wp\/v2\/types\/post"}],"author":[{"embeddable":true,"href":"https:\/\/www.europesays.com\/fr\/wp-json\/wp\/v2\/users\/2"}],"replies":[{"embeddable":true,"href":"https:\/\/www.europesays.com\/fr\/wp-json\/wp\/v2\/comments?post=652927"}],"version-history":[{"count":0,"href":"https:\/\/www.europesays.com\/fr\/wp-json\/wp\/v2\/posts\/652927\/revisions"}],"wp:featuredmedia":[{"embeddable":true,"href":"https:\/\/www.europesays.com\/fr\/wp-json\/wp\/v2\/media\/652928"}],"wp:attachment":[{"href":"https:\/\/www.europesays.com\/fr\/wp-json\/wp\/v2\/media?parent=652927"}],"wp:term":[{"taxonomy":"category","embeddable":true,"href":"https:\/\/www.europesays.com\/fr\/wp-json\/wp\/v2\/categories?post=652927"},{"taxonomy":"post_tag","embeddable":true,"href":"https:\/\/www.europesays.com\/fr\/wp-json\/wp\/v2\/tags?post=652927"}],"curies":[{"name":"wp","href":"https:\/\/api.w.org\/{rel}","templated":true}]}}