{"id":652929,"date":"2026-01-10T01:24:13","date_gmt":"2026-01-10T01:24:13","guid":{"rendered":"https:\/\/www.europesays.com\/fr\/652929\/"},"modified":"2026-01-10T01:24:13","modified_gmt":"2026-01-10T01:24:13","slug":"helena-bailly-evoque-pierre-garnier-et-son-futur-petit-copain-dans-c-a-vous-comment-voit-elle-son-avenir-sentimental","status":"publish","type":"post","link":"https:\/\/www.europesays.com\/fr\/652929\/","title":{"rendered":"Helena Bailly \u00e9voque Pierre Garnier et son \u00ab\u00a0futur petit copain\u00a0\u00bb dans C \u00e0 Vous, comment voit-elle son avenir sentimental ?"},"content":{"rendered":"<p>                <img loading=\"lazy\" decoding=\"async\" src=\"https:\/\/www.europesays.com\/fr\/wp-content\/uploads\/2025\/04\/121-62909a850c1a7-35x35-1.jpg\" class=\"author-article-picture\" width=\"35\" height=\"35\"\/><\/p>\n<p>                    Par<\/p>\n<p>                                            <a class=\"author-article-bio-link\" href=\"https:\/\/www.purepeople.com\/auteur\/bertrand-bielle_a121\" target=\"_blank\" rel=\"noopener\">Bertrand Bielle<\/a><\/p>\n<p>                    |<\/p>\n<p>                                            Journaliste<\/p>\n<p>\n                Curieux de nature, Bertrand est toujours \u00e0 l\u2019affut du moindre petit scoop. Passionn\u00e9 par le football, il n\u2019est jamais bien loin du ballon rond et de toutes les actualit\u00e9s qui en d\u00e9coulent. Toutefois, l\u2019\u00e9v\u00e8nementiel du showbiz ou de la politique fait \u00e9galement partie de ses recherches journalistiques privil\u00e9gi\u00e9es.\n            <\/p>\n<p>\n    Depuis plusieurs mois, des rumeurs entourent la vie sentimentale d\u2019Helena Bailly. Invit\u00e9e sur le plateau de C \u00e0 Vous, la chanteuse belge a \u00e9t\u00e9 interrog\u00e9e sur l\u2019amour, une chanson tr\u00e8s comment\u00e9e et sa relation suppos\u00e9e avec Pierre Garnier.\n<\/p>\n<p>                            <img loading=\"lazy\" decoding=\"async\" class=\"player-thumbnail\" src=\"https:\/\/www.europesays.com\/fr\/wp-content\/uploads\/2026\/01\/081c41b4260d2824-580x326-1.png\" width=\"580\" height=\"326\"\/><\/p>\n<p>                            Helena Bailly, C \u00e0 Vous<\/p>\n<p>La suite apr\u00e8s la publicit\u00e9<\/p>\n<p>Ces derniers mois, des rumeurs ont persist\u00e9 concernant <a href=\"https:\/\/www.purepeople.com\/article\/pourquoi-elle-ne-dit-rien-pourquoi-elle-ne-sexprime-pas-helena-bailly-star-academy-prend-enfin-la-parole-sur-son-idylle-presumee-avec-pierre-garnier_a537104\/1\" target=\"_blank\" rel=\"noopener\">une \u00e9ventuelle relation amoureuse entre Helena Bailly et Pierre Garnier, de la Star Academy<\/a>. Ce vendredi 9 janvier, la chanteuse Belge est venue sur le plateau de l&rsquo;\u00e9mission C \u00e0 Vous pour \u00e9voquer pour la r\u00e9\u00e9dition de son album H\u00e9l\u00e9 2, \u00a0sorti en octobre dernier.\u00a0<\/p>\n<p>Mais elle n&rsquo;a pas \u00e9chapp\u00e9 \u00e0 quelques questions<a href=\"https:\/\/www.purepeople.com\/article\/pierre-garnier-avec-helena-sur-scene-a-bruxelles-cette-video-qui-fait-reagir-les-internautes_a545219\/1\" target=\"_blank\" rel=\"noopener\"> li\u00e9es \u00e0 Pierre Garnie<\/a>r, Mohamed Bouhafsi voulant dans un premier temps avoir son ressenti face \u00e0 cette pause musicale r\u00e9cemment prise par le chanteur. \u00ab\u00a0Je la comprend, moi aussi j&rsquo;en prendrai une un jour. C&rsquo;est important. Et int\u00e9ressant de savoir ce qu&rsquo;on veut en tant qu&rsquo;artiste. Si on veut disparaitre, ou rester tout du long pour \u00eatre sur que l&rsquo;on nous oublie jamais. Chacun fait son chemin comme il en a envie.\u00a0\u00bb<\/p>\n<p>L&rsquo;animateur l&rsquo;a ensuite interrog\u00e9e sur son morceau Loin de toi (Jamais), dans lequel elle raconte ceci : \u00ab\u00a0Comment s&rsquo;aimer si on se voit jamais? Comment garder l&rsquo;amour si on se voit qu&rsquo;un jour sur dix ? Comment s&rsquo;habituer \u00e0 des appels manqu\u00e9s ? Est-ce qu&rsquo;on pr\u00e9f\u00e8re le go\u00fbt du risque ? Est-ce que le temps rattrapera les nuits \u00e0 se chercher ? Dans l&rsquo;agenda de nos vies mal rang\u00e9es ?\u00a0\u00bb<\/p>\n<p>Helena Bailly et l&rsquo;amour : \u00ab\u00a0Si j&rsquo;ai une relation, elle sera forc\u00e9ment \u00e0 distance\u00a0\u00bb<\/p>\n<p>Mohamed Bouhafsi a soulign\u00e9 le fait que deux fans de Helena, \u00e0 savoir Jeanne et Marie, \u00e9taient persuad\u00e9es que leur idole parle de Pierre Garnier, dans ce titre. \u00ab\u00a0Ce que je r\u00e9pond, c&rsquo;est que c&rsquo;est une chanson qui parle effectivement d&rsquo;amour. Mais si \u00e0 chaque fois je dois penser \u00e0 quelqu&rsquo;un quand je parle d&rsquo;amour, il me faut trop de relations. <strong>Et aujourd&rsquo;hui, avec la vie que je m\u00e8ne, si j&rsquo;ai une relation, elle sera forc\u00e9ment \u00e0 distance. Car je suis rarement chez moi et j&rsquo;ai d\u00e9j\u00e0 du mal \u00e0 voir ma famille et mes amis. Alors ce serait pareil avec un futur petit copain. Donc voil\u00e0, chacun ses interpr\u00e9tations<\/strong>.\u00a0\u00bb, explique alors Helena.<\/p>\n<p>Pour rappel, Helena Bailly et Pierre Garnier avaient \u00e9t\u00e9 r\u00e9compens\u00e9s lors de la 27e c\u00e9r\u00e9monie des NRJ Music Awards. Les deux anciens candidats de la \u00ab\u00a0Star Academy\u00a0\u00bb n&rsquo;ont certes pas pris la pose ensemble sur le photocall. Mais en coulisses, ils avaient pu<a href=\"https:\/\/www.purepeople.com\/article\/helena-bailly-et-pierre-garnier-heureux-cette-photo-de-linseparable-duo-en-coulisses-des-nrj-music-awards-fait-chaud-au-coeur_a544198\/1\" target=\"_blank\" rel=\"noopener\"> c\u00e9l\u00e9brer leur joie ensemble. \u00a0<\/a>Un duo irr\u00e9sistible !<\/p>\n<p>\u00a0<\/p>\n","protected":false},"excerpt":{"rendered":"Par Bertrand Bielle | Journaliste Curieux de nature, Bertrand est toujours \u00e0 l\u2019affut du moindre petit scoop. Passionn\u00e9&hellip;\n","protected":false},"author":2,"featured_media":652930,"comment_status":"","ping_status":"","sticky":false,"template":"","format":"standard","meta":{"footnotes":""},"categories":[1355],"tags":[58,59,1011,27,1361,873],"class_list":{"0":"post-652929","1":"post","2":"type-post","3":"status-publish","4":"format-standard","5":"has-post-thumbnail","7":"category-musique","8":"tag-divertissement","9":"tag-entertainment","10":"tag-fr","11":"tag-france","12":"tag-music","13":"tag-musique"},"share_on_mastodon":{"url":"https:\/\/pubeurope.com\/@fr\/115868196333313322","error":""},"_links":{"self":[{"href":"https:\/\/www.europesays.com\/fr\/wp-json\/wp\/v2\/posts\/652929","targetHints":{"allow":["GET"]}}],"collection":[{"href":"https:\/\/www.europesays.com\/fr\/wp-json\/wp\/v2\/posts"}],"about":[{"href":"https:\/\/www.europesays.com\/fr\/wp-json\/wp\/v2\/types\/post"}],"author":[{"embeddable":true,"href":"https:\/\/www.europesays.com\/fr\/wp-json\/wp\/v2\/users\/2"}],"replies":[{"embeddable":true,"href":"https:\/\/www.europesays.com\/fr\/wp-json\/wp\/v2\/comments?post=652929"}],"version-history":[{"count":0,"href":"https:\/\/www.europesays.com\/fr\/wp-json\/wp\/v2\/posts\/652929\/revisions"}],"wp:featuredmedia":[{"embeddable":true,"href":"https:\/\/www.europesays.com\/fr\/wp-json\/wp\/v2\/media\/652930"}],"wp:attachment":[{"href":"https:\/\/www.europesays.com\/fr\/wp-json\/wp\/v2\/media?parent=652929"}],"wp:term":[{"taxonomy":"category","embeddable":true,"href":"https:\/\/www.europesays.com\/fr\/wp-json\/wp\/v2\/categories?post=652929"},{"taxonomy":"post_tag","embeddable":true,"href":"https:\/\/www.europesays.com\/fr\/wp-json\/wp\/v2\/tags?post=652929"}],"curies":[{"name":"wp","href":"https:\/\/api.w.org\/{rel}","templated":true}]}}