{"id":652933,"date":"2026-01-10T01:26:12","date_gmt":"2026-01-10T01:26:12","guid":{"rendered":"https:\/\/www.europesays.com\/fr\/652933\/"},"modified":"2026-01-10T01:26:12","modified_gmt":"2026-01-10T01:26:12","slug":"une-italienne-subit-4-ans-de-chimiotherapie-pour-un-cancer-qui-nexistait-pas-lhopital-lui-rembourse-500-000-euros","status":"publish","type":"post","link":"https:\/\/www.europesays.com\/fr\/652933\/","title":{"rendered":"Une Italienne subit 4\u00a0ans de chimioth\u00e9rapie pour un cancer qui n\u2019existait pas, l\u2019h\u00f4pital lui rembourse 500\u00a0000\u00a0euros"},"content":{"rendered":"<p>L\u2019histoire commence en 2006, quand la plaignante, alors \u00e2g\u00e9e de 42\u00a0ans, va \u00e0 l\u2019h\u00f4pital de Volterra dans le cadre d\u2019une intervention chirurgicale orthop\u00e9dique, raconte le <a href=\"https:\/\/corrierefiorentino.corriere.it\/notizie\/cronaca\/26_gennaio_09\/daniela-risarcita-dopo-la-chemio-fatta-per-un-tumore-che-non-c-era-i-soldi-non-m-importa-adesso-sono-malata-davvero-e-sono-una-21fe29a8-fe25-4252-ba62-5bdd30efaxlk.shtml\" target=\"_blank\" rel=\"nofollow noopener\">Corrierre della Serra<\/a> et <a href=\"https:\/\/www.leparisien.fr\/faits-divers\/4-ans-de-chimiotherapie-pour-un-cancer-qui-nexistait-pas-une-femme-remboursee-de-500-000-euros-par-lhopital-de-pise-09-01-2026-JWW52Z7FARB55GI2GW24KCZDZ4.php\" target=\"_blank\" rel=\"nofollow noopener\">\u00ab\u00a0Le Parisien\u00a0\u00bb<\/a>. Mais le rendez-vous ne se passe pas comme pr\u00e9vu et les m\u00e9decins lui remarquent un lymphome en phase terminale. Autrement dit, elle souffre d\u2019un cancer qui prend naissance dans le syst\u00e8me lymphatique et touche les intestins.<\/p>\n<p>Prise en charge \u00e0 l\u2019h\u00f4pital universitaire de Pise, elle subit une chimioth\u00e9rapie \u00e0 fortes doses entre janvier 2007 et mai 2011. Une p\u00e9riode pendant laquelle la patiente va souffrir de plusieurs phases de d\u00e9pression et d\u2019un d\u00e9s\u00e9quilibre hormonal.<\/p>\n<p>\u00ab\u00a0Traitements erron\u00e9s, inutiles et nocifs\u00a0\u00bb<\/p>\n<p>Alors que l\u2019Italienne pensait terminer sa gu\u00e9rison, elle va r\u00e9aliser, lors d\u2019une biopsie de contr\u00f4le dans un autre \u00e9tablissement, qu\u2019elle n\u2019a jamais \u00e9t\u00e9 malade. Par la suite, le D\u00e9partement de m\u00e9decine interne et de sp\u00e9cialit\u00e9s m\u00e9dicales de G\u00eanes confirme, en mai 2011, qu\u2019elle n\u2019a jamais eu d\u2019ant\u00e9c\u00e9dents.<\/p>\n","protected":false},"excerpt":{"rendered":"L\u2019histoire commence en 2006, quand la plaignante, alors \u00e2g\u00e9e de 42\u00a0ans, va \u00e0 l\u2019h\u00f4pital de Volterra dans le&hellip;\n","protected":false},"author":2,"featured_media":652934,"comment_status":"","ping_status":"","sticky":false,"template":"","format":"standard","meta":{"footnotes":""},"categories":[10],"tags":[1011,27,72,71],"class_list":{"0":"post-652933","1":"post","2":"type-post","3":"status-publish","4":"format-standard","5":"has-post-thumbnail","7":"category-sante","8":"tag-fr","9":"tag-france","10":"tag-health","11":"tag-sante"},"share_on_mastodon":{"url":"https:\/\/pubeurope.com\/@fr\/115868203992022680","error":""},"_links":{"self":[{"href":"https:\/\/www.europesays.com\/fr\/wp-json\/wp\/v2\/posts\/652933","targetHints":{"allow":["GET"]}}],"collection":[{"href":"https:\/\/www.europesays.com\/fr\/wp-json\/wp\/v2\/posts"}],"about":[{"href":"https:\/\/www.europesays.com\/fr\/wp-json\/wp\/v2\/types\/post"}],"author":[{"embeddable":true,"href":"https:\/\/www.europesays.com\/fr\/wp-json\/wp\/v2\/users\/2"}],"replies":[{"embeddable":true,"href":"https:\/\/www.europesays.com\/fr\/wp-json\/wp\/v2\/comments?post=652933"}],"version-history":[{"count":0,"href":"https:\/\/www.europesays.com\/fr\/wp-json\/wp\/v2\/posts\/652933\/revisions"}],"wp:featuredmedia":[{"embeddable":true,"href":"https:\/\/www.europesays.com\/fr\/wp-json\/wp\/v2\/media\/652934"}],"wp:attachment":[{"href":"https:\/\/www.europesays.com\/fr\/wp-json\/wp\/v2\/media?parent=652933"}],"wp:term":[{"taxonomy":"category","embeddable":true,"href":"https:\/\/www.europesays.com\/fr\/wp-json\/wp\/v2\/categories?post=652933"},{"taxonomy":"post_tag","embeddable":true,"href":"https:\/\/www.europesays.com\/fr\/wp-json\/wp\/v2\/tags?post=652933"}],"curies":[{"name":"wp","href":"https:\/\/api.w.org\/{rel}","templated":true}]}}