{"id":652937,"date":"2026-01-10T01:28:19","date_gmt":"2026-01-10T01:28:19","guid":{"rendered":"https:\/\/www.europesays.com\/fr\/652937\/"},"modified":"2026-01-10T01:28:19","modified_gmt":"2026-01-10T01:28:19","slug":"virginie-efira-sourire-radieux-partage-des-cliches-de-ses-vacances-ensoleillees-a-lile-maurice-meilleur-endroit-du-monde-photos","status":"publish","type":"post","link":"https:\/\/www.europesays.com\/fr\/652937\/","title":{"rendered":"Virginie Efira, sourire radieux, partage des clich\u00e9s de ses vacances ensoleill\u00e9es \u00e0 l&rsquo;\u00cele Maurice: \u00ab\u00a0Meilleur endroit du monde\u00a0\u00bb (photos)"},"content":{"rendered":"<p class=\"ap-StoryElement ap-StoryElement--mb ap-StoryText\">Loin de la neige et du verglas qui ont recouvert Paris ces derniers jours, Virginie Efira fait dorer sa peau sous le soleil de l&rsquo;\u00cele Maurice. Ce voyage \u00e0 presque 10 000 kilom\u00e8tres de Paris est devenu une habitude pour l&rsquo;actrice de 48 ans qui fait le choix chaque ann\u00e9e de la d\u00e9marrer les doigts de pied en \u00e9ventail, le regard tourn\u00e9 vers l&rsquo;oc\u00e9an. Sur son compte Instagram, ce mercredi 7 janvier, elle a publi\u00e9 un carrousel de photos souvenir de ses vacances, \u00e0 grand renfort de paysages paradisiaques.<\/p>\n","protected":false},"excerpt":{"rendered":"Loin de la neige et du verglas qui ont recouvert Paris ces derniers jours, Virginie Efira fait dorer&hellip;\n","protected":false},"author":2,"featured_media":652938,"comment_status":"","ping_status":"","sticky":false,"template":"","format":"standard","meta":{"footnotes":""},"categories":[8],"tags":[828,650,58,59,1011,27,2528,13453],"class_list":{"0":"post-652937","1":"post","2":"type-post","3":"status-publish","4":"format-standard","5":"has-post-thumbnail","7":"category-divertissement","8":"tag-belgique","9":"tag-cinema","10":"tag-divertissement","11":"tag-entertainment","12":"tag-fr","13":"tag-france","14":"tag-vacances","15":"tag-virginie-efira"},"share_on_mastodon":{"url":"https:\/\/pubeurope.com\/@fr\/115868211841810173","error":""},"_links":{"self":[{"href":"https:\/\/www.europesays.com\/fr\/wp-json\/wp\/v2\/posts\/652937","targetHints":{"allow":["GET"]}}],"collection":[{"href":"https:\/\/www.europesays.com\/fr\/wp-json\/wp\/v2\/posts"}],"about":[{"href":"https:\/\/www.europesays.com\/fr\/wp-json\/wp\/v2\/types\/post"}],"author":[{"embeddable":true,"href":"https:\/\/www.europesays.com\/fr\/wp-json\/wp\/v2\/users\/2"}],"replies":[{"embeddable":true,"href":"https:\/\/www.europesays.com\/fr\/wp-json\/wp\/v2\/comments?post=652937"}],"version-history":[{"count":0,"href":"https:\/\/www.europesays.com\/fr\/wp-json\/wp\/v2\/posts\/652937\/revisions"}],"wp:featuredmedia":[{"embeddable":true,"href":"https:\/\/www.europesays.com\/fr\/wp-json\/wp\/v2\/media\/652938"}],"wp:attachment":[{"href":"https:\/\/www.europesays.com\/fr\/wp-json\/wp\/v2\/media?parent=652937"}],"wp:term":[{"taxonomy":"category","embeddable":true,"href":"https:\/\/www.europesays.com\/fr\/wp-json\/wp\/v2\/categories?post=652937"},{"taxonomy":"post_tag","embeddable":true,"href":"https:\/\/www.europesays.com\/fr\/wp-json\/wp\/v2\/tags?post=652937"}],"curies":[{"name":"wp","href":"https:\/\/api.w.org\/{rel}","templated":true}]}}