{"id":652939,"date":"2026-01-10T01:29:14","date_gmt":"2026-01-10T01:29:14","guid":{"rendered":"https:\/\/www.europesays.com\/fr\/652939\/"},"modified":"2026-01-10T01:29:14","modified_gmt":"2026-01-10T01:29:14","slug":"aujourdhui-des-chercheurs-pensent-lavoir-enfin-detecte","status":"publish","type":"post","link":"https:\/\/www.europesays.com\/fr\/652939\/","title":{"rendered":"aujourd&rsquo;hui, des chercheurs pensent l&rsquo;avoir enfin d\u00e9tect\u00e9"},"content":{"rendered":"<p data-pm-slice=\"1 1 []\"><strong>Et si l\u2019Univers portait les cicatrices invisibles des \u00e9v\u00e9nements les plus violents de son histoire ? Des physiciens th\u00e9oriciens ont r\u00e9cemment propos\u00e9 une nouvelle mani\u00e8re de tester une pr\u00e9diction fascinante de la th\u00e9orie de la relativit\u00e9 g\u00e9n\u00e9rale d\u2019Einstein : la m\u00e9moire gravitationnelle. Ce ph\u00e9nom\u00e8ne, encore jamais observ\u00e9 directement, d\u00e9signe un changement permanent dans la structure m\u00eame de l\u2019espace-temps caus\u00e9 par le passage d\u2019ondes gravitationnelles. Ces ondulations cosmiques, g\u00e9n\u00e9r\u00e9es par des \u00e9v\u00e9nements cataclysmiques comme la fusion de trous noirs, pourraient laisser une empreinte durable dans le cosmos.<\/strong><\/p>\n<p>Qu\u2019est-ce que la m\u00e9moire gravitationnelle ? Retour sur la relativit\u00e9 g\u00e9n\u00e9rale d\u2019Einstein<\/p>\n<p>Pour comprendre ce concept, revenons aux bases de la relativit\u00e9 g\u00e9n\u00e9rale d\u2019Einstein. Selon cette th\u00e9orie, les objets massifs d\u00e9forment l\u2019espace-temps comme une boule pos\u00e9e sur un drap tendu cr\u00e9e une courbure. Lorsque ces objets massifs acc\u00e9l\u00e8rent (comme deux trous noirs en spirale avant leur fusion), ils g\u00e9n\u00e8rent des <a href=\"https:\/\/sciencepost.fr\/recherche-matiere-noire-ultralegere-avec-ondes-gravitationnelles\/\" target=\"_blank\" rel=\"noopener\">ondes gravitationnelles<\/a> : des ondulations qui se propagent \u00e0 travers l\u2019Univers \u00e0 la vitesse de la lumi\u00e8re.<\/p>\n<p>Ces ondes gravitationnelles ont d\u00e9j\u00e0 \u00e9t\u00e9 d\u00e9tect\u00e9es par des observatoires comme LIGO et Virgo qui mesurent les infimes perturbations qu\u2019elles provoquent en traversant la Terre. Cependant, la m\u00e9moire gravitationnelle est diff\u00e9rente : elle d\u00e9signe<strong> le changement permanent laiss\u00e9 par ces ondes apr\u00e8s leur passage<\/strong>. Imaginez des rides sur un lac qui restent fig\u00e9es pour toujours au lieu de s\u2019apaiser. C\u2019est cette cicatrice cosmique que les scientifiques esp\u00e8rent d\u00e9sormais identifier.<\/p>\n<p>Comment d\u00e9tecter cette m\u00e9moire cosmique ?<\/p>\n<p>La difficult\u00e9 de ces recherches r\u00e9side dans le fait que cette empreinte est extr\u00eamement subtile. Les chercheurs pensent n\u00e9anmoins qu\u2019elle pourrait \u00eatre cach\u00e9e dans le <strong>fond diffus cosmologique<\/strong>, cette faible lueur r\u00e9siduelle du Big Bang qui baigne tout l\u2019Univers. Ce rayonnement fossile, cartographi\u00e9 avec pr\u00e9cision par des satellites comme Planck, contient des informations pr\u00e9cieuses sur les premi\u00e8res phases de l\u2019Univers.<\/p>\n<p>En analysant ce fond diffus cosmologique, les scientifiques esp\u00e8rent y d\u00e9tecter des variations de temp\u00e9rature infimes (de l\u2019ordre d\u2019un milliardi\u00e8me de degr\u00e9) qui pourraient trahir le passage d\u2019anciennes ondes gravitationnelles. Ces <a href=\"https:\/\/www.livescience.com\/space\/black-holes\/unproven-einstein-theory-of-gravitational-memory-may-be-real-after-all-new-study-hints?fbclid=IwY2xjawI3hR9leHRuA2FlbQIxMAABHQZk9zXXL7vT3DovDSHzx9VrtHC9-dBLz8BwUbM7u01eYRbqBmihcVQ9UQ_aem_a7X0SVKW9cjjZ4BtvjA3lA\" target=\"_blank\" rel=\"noopener\">perturbations<\/a> seraient comme des empreintes digitales laiss\u00e9es par des \u00e9v\u00e9nements violents tels que la fusion de trous noirs supermassifs ou des supernovae.<\/p>\n<p><img loading=\"lazy\" data-lazyloaded=\"1\" decoding=\"async\" class=\"size-full wp-image-306340\" src=\"https:\/\/www.europesays.com\/fr\/wp-content\/uploads\/2026\/01\/nfHwJEJVmHdvgar2w3whx8-970-80.jpg.webp.webp\" alt=\"ondes gravitationnelles Einstein \" width=\"970\" height=\"546\"  data-\/>Source: DRUne illustration des ondes gravitationnelles se propageant \u00e0 partir de deux trous noirs en fusion. Cr\u00e9dits : NASA GoddardPourquoi cette d\u00e9couverte serait-elle r\u00e9volutionnaire ?<\/p>\n<p>La confirmation de la m\u00e9moire gravitationnelle offrirait une nouvelle validation de la th\u00e9orie d\u2019Einstein, tout comme l\u2019a \u00e9t\u00e9 la premi\u00e8re d\u00e9tection des ondes gravitationnelles en 2015. N\u00e9anmoins, ses implications iraient bien au-del\u00e0. En \u00e9tudiant ces empreintes durables, les astrophysiciens pourraient obtenir des informations in\u00e9dites sur la fr\u00e9quence et la nature des fusions de trous noirs dans l\u2019Univers primitif. Cela pourrait r\u00e9v\u00e9ler si ces \u00e9v\u00e9nements \u00e9taient plus fr\u00e9quents dans les premi\u00e8res \u00e9tapes de l\u2019\u00e9volution cosmique, ce qui offrirait ainsi des indices sur la formation des galaxies et la croissance des trous noirs supermassifs.<\/p>\n<p>De plus, cette m\u00e9moire gravitationnelle pourrait \u00eatre un outil pr\u00e9cieux pour sonder des processus astrophysiques encore mal compris. Chaque variation d\u00e9tect\u00e9e dans le fond diffus cosmologique pourrait raconter l\u2019histoire d\u2019un \u00e9v\u00e9nement cataclysmique survenu il y a des milliards d\u2019ann\u00e9es.<\/p>\n<p>Malgr\u00e9 les perspectives enthousiasmantes, cette qu\u00eate s\u2019annonce \u00e9videmment ardue. Les variations de temp\u00e9rature provoqu\u00e9es par la m\u00e9moire gravitationnelle sont en effet si faibles qu\u2019elles restent <strong>hors de port\u00e9e des instruments actuels<\/strong>. Les chercheurs doivent donc affiner leurs mod\u00e8les et attendre l\u2019arriv\u00e9e de t\u00e9lescopes plus sensibles pour esp\u00e9rer d\u00e9tecter ces distorsions subtiles.<\/p>\n<p>Un autre d\u00e9fi r\u00e9side dans la complexit\u00e9 des calculs n\u00e9cessaires pour isoler ces signaux. Les astrophysiciens doivent prendre en compte la diversit\u00e9 des masses et des fr\u00e9quences des fusions de trous noirs, ainsi que les nombreuses autres influences qui peuvent perturber le fond diffus cosmologique.<\/p>\n<p>Alors, l\u2019Univers garde-t-il vraiment la m\u00e9moire des catastrophes cosmiques ? Gr\u00e2ce \u00e0 la pers\u00e9v\u00e9rance des scientifiques et aux futures innovations technologiques, nous pourrions bient\u00f4t avoir la r\u00e9ponse.<\/p>\n","protected":false},"excerpt":{"rendered":"Et si l\u2019Univers portait les cicatrices invisibles des \u00e9v\u00e9nements les plus violents de son histoire ? Des physiciens&hellip;\n","protected":false},"author":2,"featured_media":652940,"comment_status":"","ping_status":"","sticky":false,"template":"","format":"standard","meta":{"footnotes":""},"categories":[7],"tags":[1011,27,56,43,40,41,39,42,44],"class_list":{"0":"post-652939","1":"post","2":"type-post","3":"status-publish","4":"format-standard","5":"has-post-thumbnail","7":"category-sciences-et-technologies","8":"tag-fr","9":"tag-france","10":"tag-push","11":"tag-science","12":"tag-science-and-technology","13":"tag-sciences","14":"tag-sciences-et-technologies","15":"tag-technologies","16":"tag-technology"},"share_on_mastodon":{"url":"https:\/\/pubeurope.com\/@fr\/115868215798443642","error":""},"_links":{"self":[{"href":"https:\/\/www.europesays.com\/fr\/wp-json\/wp\/v2\/posts\/652939","targetHints":{"allow":["GET"]}}],"collection":[{"href":"https:\/\/www.europesays.com\/fr\/wp-json\/wp\/v2\/posts"}],"about":[{"href":"https:\/\/www.europesays.com\/fr\/wp-json\/wp\/v2\/types\/post"}],"author":[{"embeddable":true,"href":"https:\/\/www.europesays.com\/fr\/wp-json\/wp\/v2\/users\/2"}],"replies":[{"embeddable":true,"href":"https:\/\/www.europesays.com\/fr\/wp-json\/wp\/v2\/comments?post=652939"}],"version-history":[{"count":0,"href":"https:\/\/www.europesays.com\/fr\/wp-json\/wp\/v2\/posts\/652939\/revisions"}],"wp:featuredmedia":[{"embeddable":true,"href":"https:\/\/www.europesays.com\/fr\/wp-json\/wp\/v2\/media\/652940"}],"wp:attachment":[{"href":"https:\/\/www.europesays.com\/fr\/wp-json\/wp\/v2\/media?parent=652939"}],"wp:term":[{"taxonomy":"category","embeddable":true,"href":"https:\/\/www.europesays.com\/fr\/wp-json\/wp\/v2\/categories?post=652939"},{"taxonomy":"post_tag","embeddable":true,"href":"https:\/\/www.europesays.com\/fr\/wp-json\/wp\/v2\/tags?post=652939"}],"curies":[{"name":"wp","href":"https:\/\/api.w.org\/{rel}","templated":true}]}}