{"id":652942,"date":"2026-01-10T01:31:09","date_gmt":"2026-01-10T01:31:09","guid":{"rendered":"https:\/\/www.europesays.com\/fr\/652942\/"},"modified":"2026-01-10T01:31:09","modified_gmt":"2026-01-10T01:31:09","slug":"de-sa-capitale-aux-provinces-reculees-la-colere-submerge-liran","status":"publish","type":"post","link":"https:\/\/www.europesays.com\/fr\/652942\/","title":{"rendered":"de sa capitale aux provinces recul\u00e9es, la col\u00e8re submerge l\u2019Iran"},"content":{"rendered":"<p>\n    <strong>R\u00c9CIT &#8211;<\/strong> Les manifestations r\u00e9clamant la chute du r\u00e9gime, \u00e9maill\u00e9es d\u2019appels au retour du fils en exil de l\u2019ancien chah d\u00e9chu, se multiplient \u00e0 travers le pays.<\/p>\n<p class=\"fig-paragraph\">\u00ab\u00a0C\u2019est une r\u00e9volution\u00a0!\u00a0\u00bb \u00c9cras\u00e9 par l\u2019hyperinflation et la flamb\u00e9e du taux de change, Sorena (nom d\u2019emprunt) est l\u2019un des premiers \u00e0 avoir baiss\u00e9 son rideau de fer, dimanche 28\u00a0d\u00e9cembre, alors que le dollar s\u2019\u00e9changeait contre 1,47\u00a0million de rials &#8211; soit presque le double du taux pratiqu\u00e9 d\u00e9but 2025. \u00ab\u00a0J\u2019\u00e9tais au travail quand j\u2019ai soudain re\u00e7u un texto\u00a0: le bazar des t\u00e9l\u00e9phones portables est en gr\u00e8ve\u00a0! Sans h\u00e9siter, j\u2019ai ferm\u00e9 ma boutique et j\u2019ai rejoint les protestataires. Autour de moi, les coll\u00e8gues se passaient le mot \u00e0 la h\u00e2te. Tr\u00e8s vite, on s\u2019est retrouv\u00e9 dans la rue, et nous \u00e9tions rapidement quelques centaines \u00e0 crier\u00a0:\u00a0<a href=\"http:\/\/www.lefigaro.fr\/international\/iran-face-a-la-rue-le-regime-opte-pour-l-epreuve-de-force-20260109\" data-fig-type=\"Article\" data-gtm-custom-categorie=\"navigation\" data-gtm-custom-action=\"crossclick\" data-gtm-custom-label=\"Contextuel\" data-gtm-event=\"customEventSPE\" data-fig-domain=\"LEFIGARO\" target=\"_blank\" rel=\"noopener\">Mort \u00e0 Khamenei<\/a> \u00a0!\u00a0\u00bb, raconte le commer\u00e7ant t\u00e9h\u00e9ranais de 36\u00a0ans, sp\u00e9cialis\u00e9 dans la quincaillerie pour cuisines. Depuis, c\u2019est tout un corps de m\u00e9tier qui est \u00e0 l\u2019arr\u00eat\u00a0: \u00e0 T\u00e9h\u00e9ran, mais aussi dans de nombreuses villes de province. Du jamais vu en 47\u00a0ans de R\u00e9publique islamique\u00a0: le bazar, traditionnellement conservateur\u2026<\/p>\n<p class=\"fig-premium-paywall__infos\">\n        Cet article est r\u00e9serv\u00e9 aux abonn\u00e9s.        Il vous reste 89% \u00e0 d\u00e9couvrir.\n    <\/p>\n<p>                <img  data- alt=\"Le Figaro\" class=\"fig-img--complete fig-img\"\/><\/p>\n<p class=\"fig-premium-paywall__title\">Le Figaro c\u00e9l\u00e8bre ses 200 ans<\/p>\n<p class=\"fig-premium-paywall__subtitle\">Offre anniversaire : 2\u20ac\/mois pendant 200 semaines<\/p>\n<p class=\"fig-premium-paywall__connect\">\n                D\u00e9j\u00e0 abonn\u00e9\u00a0?                <a class=\"fig-premium-paywall__connect-link\" href=\"https:\/\/connect.lefigaro.fr\/login?client=horizon_web&amp;type=main&amp;redirect_uri=https%3A%2F%2Fwww.lefigaro.fr%2Finternational%2Fc-est-une-revolution-de-sa-capitale-aux-provinces-reculees-la-colere-submerge-l-iran-20260109\" data-js-gtm=\"{&quot;customCategorie&quot;: &quot;conversion&quot;, &quot;customAction&quot;: &quot;before_Landing_Connexion_paywall_auto&quot;, &quot;customLabel&quot;: &quot;bGVmaWdhcm8uZnJfXzFmMGVkN2ZjLWI5ZDYtNjBlMC1hYzE4LThkODFmYTQ1ZjM4ZV9fQXJ0aWNsZQ==_\u00abC\u2019est une r\u00e9volution\u00a0!\u00bb\u00a0: de sa capitale aux provinces recul\u00e9es, la col\u00e8re submerge l\u2019Iran_1000&quot;, &quot;customIDSPE&quot;: &quot;bGVmaWdhcm8uZnJfXzFmMGVkN2ZjLWI5ZDYtNjBlMC1hYzE4LThkODFmYTQ1ZjM4ZV9fQXJ0aWNsZQ==&quot;, &quot;event&quot;: &quot;customEventSPE&quot;}\" target=\"_blank\" rel=\"noopener\"><br \/>\n                    Connectez-vous<br \/>\n                <\/a>\n            <\/p>\n","protected":false},"excerpt":{"rendered":"R\u00c9CIT &#8211; Les manifestations r\u00e9clamant la chute du r\u00e9gime, \u00e9maill\u00e9es d\u2019appels au retour du fils en exil de&hellip;\n","protected":false},"author":2,"featured_media":652943,"comment_status":"","ping_status":"","sticky":false,"template":"","format":"standard","meta":{"footnotes":""},"categories":[5],"tags":[11,1011,27,14,3019,12,28],"class_list":{"0":"post-652942","1":"post","2":"type-post","3":"status-publish","4":"format-standard","5":"has-post-thumbnail","7":"category-international","8":"tag-actualites","9":"tag-fr","10":"tag-france","11":"tag-international","12":"tag-iran","13":"tag-news","14":"tag-world"},"share_on_mastodon":{"url":"https:\/\/pubeurope.com\/@fr\/115868223664946393","error":""},"_links":{"self":[{"href":"https:\/\/www.europesays.com\/fr\/wp-json\/wp\/v2\/posts\/652942","targetHints":{"allow":["GET"]}}],"collection":[{"href":"https:\/\/www.europesays.com\/fr\/wp-json\/wp\/v2\/posts"}],"about":[{"href":"https:\/\/www.europesays.com\/fr\/wp-json\/wp\/v2\/types\/post"}],"author":[{"embeddable":true,"href":"https:\/\/www.europesays.com\/fr\/wp-json\/wp\/v2\/users\/2"}],"replies":[{"embeddable":true,"href":"https:\/\/www.europesays.com\/fr\/wp-json\/wp\/v2\/comments?post=652942"}],"version-history":[{"count":0,"href":"https:\/\/www.europesays.com\/fr\/wp-json\/wp\/v2\/posts\/652942\/revisions"}],"wp:featuredmedia":[{"embeddable":true,"href":"https:\/\/www.europesays.com\/fr\/wp-json\/wp\/v2\/media\/652943"}],"wp:attachment":[{"href":"https:\/\/www.europesays.com\/fr\/wp-json\/wp\/v2\/media?parent=652942"}],"wp:term":[{"taxonomy":"category","embeddable":true,"href":"https:\/\/www.europesays.com\/fr\/wp-json\/wp\/v2\/categories?post=652942"},{"taxonomy":"post_tag","embeddable":true,"href":"https:\/\/www.europesays.com\/fr\/wp-json\/wp\/v2\/tags?post=652942"}],"curies":[{"name":"wp","href":"https:\/\/api.w.org\/{rel}","templated":true}]}}