{"id":652950,"date":"2026-01-10T01:35:17","date_gmt":"2026-01-10T01:35:17","guid":{"rendered":"https:\/\/www.europesays.com\/fr\/652950\/"},"modified":"2026-01-10T01:35:17","modified_gmt":"2026-01-10T01:35:17","slug":"les-flocons-attendus-en-plaine-voici-ou-et-quand","status":"publish","type":"post","link":"https:\/\/www.europesays.com\/fr\/652950\/","title":{"rendered":"les flocons attendus en plaine, voici o\u00f9 et quand"},"content":{"rendered":"<p>                    Par<br \/>\n        <strong><br \/>\n            <a href=\"https:\/\/actu.fr\/auteur\/redaction-saint-etienne\" title=\"Consulter tous les articles de R\u00e9daction Saint-\u00c9tienne\" target=\"_blank\" rel=\"noopener\">R\u00e9daction Saint-\u00c9tienne<\/a><br \/>\n                    <\/strong><\/p>\n<p>        Publi\u00e9 le<\/p>\n<p>            9 janv. 2026 \u00e0 11h58        <\/p>\n<p>Le d\u00e9partement de la <a href=\"https:\/\/actu.fr\/auvergne-rhone-alpes\/loire_42\" target=\"_blank\" rel=\"noopener\">Loire<\/a> est actuellement en vigilance jaune neige\/verglas. Le temps sera majoritairement couvert ce vendredi 9 janvier 2026 o\u00f9 des pr\u00e9cipitations sont attendues.<\/p>\n<p class=\" wall-content\">La limite pluie\/<a href=\"https:\/\/actu.fr\/auvergne-rhone-alpes\/saint-etienne_42218\/meteo-des-chutes-de-neige-encore-attendues-ce-jeudi-dans-la-loire-voici-ou_63667736.html\" target=\"_blank\" rel=\"noopener\">neige<\/a> se situe pour l\u2019instant \u00e0 850 m\u00e8tres, mais s\u2019abaissera \u00e0 650 m en milieu de journ\u00e9e puis \u00e0 500m dans la nuit.<\/p>\n<p>Les flocons sont attendus sur les Monts du Forez et les Monts de Lyonnais<\/p>\n<p class=\" wall-content\">Les flocons sont attendus sur les Monts du Forez et les Monts de Lyonnais, avec un cumul maximum de <strong>5 cm.<\/strong><\/p>\n<blockquote class=\"ac-article-quote wall-content\">\n<p>La r\u00e9gion se situe d\u00e9sormais en situation de tra\u00eene active avec limite pluie\/neige \u00e0 moyenne altitude, de l&rsquo;ordre de 1100 m sur le massif Central et 1200\/1400 m sur les Alpes. Cette limite pluie\/neige s&rsquo;abaissera progressivement au cours de la journ\u00e9e et nuit suivante.<\/p>\n<p>    <strong>M\u00e9t\u00e9o France<\/strong>\n            <\/p><\/blockquote>\n<p class=\" wall-content\">Ce samedi 10 janvier, la limite s\u2019abaissera \u00e0 400m, avec des flocons attendus sur les Mont du Forez et sur Saint-\u00c9tienne. Le d\u00e9partement restera donc en vigilance jaune.<\/p>\n<p class=\" wall-content\">Personnalisez votre actualit\u00e9 en ajoutant vos villes et m\u00e9dias en favori avec <a href=\"https:\/\/moncompte.actu.fr\" title=\"D\u00e9couvez Mon Actu\" rel=\"nofollow noopener\" data-trk=\"{&quot;cta&quot;:{&quot;action&quot;:&quot;https:\\\/\\\/moncompte.actu.fr&quot;,&quot;category&quot;:&quot;mon compte&quot;,&quot;from&quot;:&quot;article footer&quot;,&quot;name&quot;:&quot;Mon actu&quot;,&quot;type&quot;:&quot;cta&quot;}}\" target=\"_blank\">Mon Actu<\/a>.<\/p>\n","protected":false},"excerpt":{"rendered":"Par R\u00e9daction Saint-\u00c9tienne Publi\u00e9 le 9 janv. 2026 \u00e0 11h58 Le d\u00e9partement de la Loire est actuellement en&hellip;\n","protected":false},"author":2,"featured_media":652951,"comment_status":"","ping_status":"","sticky":false,"template":"","format":"standard","meta":{"footnotes":""},"categories":[9653],"tags":[1111,11,2430,1777,674,1011,27,2487,2357,10584,12,25,4001],"class_list":{"0":"post-652950","1":"post","2":"type-post","3":"status-publish","4":"format-standard","5":"has-post-thumbnail","7":"category-saint-etienne","8":"tag-actu","9":"tag-actualites","10":"tag-auvergne-rhone-alpes","11":"tag-eu","12":"tag-europe","13":"tag-fr","14":"tag-france","15":"tag-meteo","16":"tag-meteo-france","17":"tag-neige","18":"tag-news","19":"tag-republique-francaise","20":"tag-saint-etienne"},"share_on_mastodon":{"url":"https:\/\/pubeurope.com\/@fr\/115868239307958532","error":""},"_links":{"self":[{"href":"https:\/\/www.europesays.com\/fr\/wp-json\/wp\/v2\/posts\/652950","targetHints":{"allow":["GET"]}}],"collection":[{"href":"https:\/\/www.europesays.com\/fr\/wp-json\/wp\/v2\/posts"}],"about":[{"href":"https:\/\/www.europesays.com\/fr\/wp-json\/wp\/v2\/types\/post"}],"author":[{"embeddable":true,"href":"https:\/\/www.europesays.com\/fr\/wp-json\/wp\/v2\/users\/2"}],"replies":[{"embeddable":true,"href":"https:\/\/www.europesays.com\/fr\/wp-json\/wp\/v2\/comments?post=652950"}],"version-history":[{"count":0,"href":"https:\/\/www.europesays.com\/fr\/wp-json\/wp\/v2\/posts\/652950\/revisions"}],"wp:featuredmedia":[{"embeddable":true,"href":"https:\/\/www.europesays.com\/fr\/wp-json\/wp\/v2\/media\/652951"}],"wp:attachment":[{"href":"https:\/\/www.europesays.com\/fr\/wp-json\/wp\/v2\/media?parent=652950"}],"wp:term":[{"taxonomy":"category","embeddable":true,"href":"https:\/\/www.europesays.com\/fr\/wp-json\/wp\/v2\/categories?post=652950"},{"taxonomy":"post_tag","embeddable":true,"href":"https:\/\/www.europesays.com\/fr\/wp-json\/wp\/v2\/tags?post=652950"}],"curies":[{"name":"wp","href":"https:\/\/api.w.org\/{rel}","templated":true}]}}