{"id":652952,"date":"2026-01-10T01:37:20","date_gmt":"2026-01-10T01:37:20","guid":{"rendered":"https:\/\/www.europesays.com\/fr\/652952\/"},"modified":"2026-01-10T01:37:20","modified_gmt":"2026-01-10T01:37:20","slug":"lorraine-la-circulation-des-trains-interrompue-entre-metz-et-nancy-apres-un-accident-a-ancy-dornot-3","status":"publish","type":"post","link":"https:\/\/www.europesays.com\/fr\/652952\/","title":{"rendered":"Lorraine. La circulation des trains interrompue entre Metz et Nancy apr\u00e8s un accident \u00e0 Ancy-Dornot"},"content":{"rendered":"<p>La circulation des trains\u00a0a \u00e9t\u00e9 interrompue dans les deux sens entre Metz et Nancy, \u00e0 la suite d\u2019un \u00ab accident de personne \u00bb qui s\u2019est produit vers 19h20 ce vendredi 9 janvier.<\/p>\n<p>D\u2019apr\u00e8s une source officielle, il s\u2019agirait d\u2019un suicide. Selon la SNCF, \u00ab un train a heurt\u00e9 une personne aux abords de la gare d\u2019Ancy-Dornot. Quatre autres trains sont impact\u00e9s : ils se trouvent pour l\u2019instant \u00e0 l\u2019arr\u00eat dans des gares diff\u00e9rentes.\u00a0\u00bb\u00a0<\/p>\n<p>Deux heures apr\u00e8s la collision, les douze passagers de la rame immobilis\u00e9e \u00e0 proximit\u00e9 d&rsquo;Ancy ont \u00e9t\u00e9 transf\u00e9r\u00e9s dans un bus\u00a0qui les a men\u00e9s \u00e0 destination.<\/p>\n<p>D&rsquo;autres cars ont \u00e9t\u00e9 affr\u00e9t\u00e9s depuis Metz et Nancy pour que les passagers qui devaient\u00a0prendre des trains en cette soir\u00e9e de vendredi puissent effectuer leur voyage.<\/p>\n<p>Ce contenu est bloqu\u00e9 car vous n&rsquo;avez pas accept\u00e9 les cookies et autres traceurs.<\/p>\n<p>En cliquant sur \u00ab J\u2019accepte \u00bb, les cookies et autres traceurs seront d\u00e9pos\u00e9s et vous pourrez visualiser les contenus  (<a href=\"\" class=\"consentModule_policy\" target=\"_blank\" title=\"Consulter la politique de protection des donn\u00e9es du fournisseur\">plus d&rsquo;informations<\/a>).<\/p>\n<p>En cliquant sur \u00ab J\u2019accepte tous les cookies \u00bb, vous autorisez des d\u00e9p\u00f4ts de cookies et autres traceurs pour le stockage de vos donn\u00e9es sur nos sites et applications \u00e0 des fins de personnalisation et de ciblage publicitaire.<\/p>\n<p class=\"consentModule_secondaryText\">Vous gardez la possibilit\u00e9 de retirer votre consentement \u00e0 tout moment en consultant notre <a href=\"https:\/\/www.republicain-lorrain.fr\/protection-des-donnees\" target=\"_blank\" title=\"Consulter notre politique de protection des donn\u00e9es\" rel=\"noopener\">politique de protection des donn\u00e9es<\/a>. <br \/>&#13;<br \/>\n            <a href=\"https:\/\/www.republicain-lorrain.fr\/faits-divers-justice\/2026\/01\/09\/javascript:Didomi.notice.show()\" class=\"consentModule_cmp\" target=\"_blank\" rel=\"noopener\">G\u00e9rer mes choix<\/a>&#13;\n        <\/p>\n<p>&#13;<br \/>\n                        J&rsquo;accepte&#13;<br \/>\n            J&rsquo;accepte tous les cookies&#13;\n        <\/p>\n<p>\u00ab\u00a0 Tous les voyageurs ont \u00e9t\u00e9 pris en charge et aucun n\u2019\u00e9tait\u00a0en situation pr\u00e9caire \u00bb, a assur\u00e9 la SNCF. Il n&rsquo;y a pas de d\u00e9g\u00e2ts sur le mat\u00e9riel roulant.<\/p>\n<p>La gendarmerie et les sapeurs-pompiers\u00a0\u00e9taient sur place, la fin de l\u2019intervention \u00e9tait estim\u00e9e vers 23h selon la SNCF, qui \u00ab attendait le feu vert de l\u2019officier de police judiciaire \u00bb pour faire repartir les trains.<\/p>\n<p>Aucune cons\u00e9quence sur la circulation n&rsquo;est attendue samedi.<\/p>\n","protected":false},"excerpt":{"rendered":"La circulation des trains\u00a0a \u00e9t\u00e9 interrompue dans les deux sens entre Metz et Nancy, \u00e0 la suite d\u2019un&hellip;\n","protected":false},"author":2,"featured_media":652616,"comment_status":"","ping_status":"","sticky":false,"template":"","format":"standard","meta":{"footnotes":""},"categories":[9635],"tags":[119,1111,11,32702,5598,1777,674,274,107,1011,27,775,1702,12,3456,25],"class_list":{"0":"post-652952","1":"post","2":"type-post","3":"status-publish","4":"format-standard","5":"has-post-thumbnail","7":"category-nancy","8":"tag-accident","9":"tag-actu","10":"tag-actualites","11":"tag-ancy-dornot","12":"tag-edition-metz-et-agglomeration","13":"tag-eu","14":"tag-europe","15":"tag-faits-divers-justice","16":"tag-fil-info","17":"tag-fr","18":"tag-france","19":"tag-grand-est","20":"tag-nancy","21":"tag-news","22":"tag-region-lorraine","23":"tag-republique-francaise"},"share_on_mastodon":{"url":"https:\/\/pubeurope.com\/@fr\/115868247218733155","error":""},"_links":{"self":[{"href":"https:\/\/www.europesays.com\/fr\/wp-json\/wp\/v2\/posts\/652952","targetHints":{"allow":["GET"]}}],"collection":[{"href":"https:\/\/www.europesays.com\/fr\/wp-json\/wp\/v2\/posts"}],"about":[{"href":"https:\/\/www.europesays.com\/fr\/wp-json\/wp\/v2\/types\/post"}],"author":[{"embeddable":true,"href":"https:\/\/www.europesays.com\/fr\/wp-json\/wp\/v2\/users\/2"}],"replies":[{"embeddable":true,"href":"https:\/\/www.europesays.com\/fr\/wp-json\/wp\/v2\/comments?post=652952"}],"version-history":[{"count":0,"href":"https:\/\/www.europesays.com\/fr\/wp-json\/wp\/v2\/posts\/652952\/revisions"}],"wp:featuredmedia":[{"embeddable":true,"href":"https:\/\/www.europesays.com\/fr\/wp-json\/wp\/v2\/media\/652616"}],"wp:attachment":[{"href":"https:\/\/www.europesays.com\/fr\/wp-json\/wp\/v2\/media?parent=652952"}],"wp:term":[{"taxonomy":"category","embeddable":true,"href":"https:\/\/www.europesays.com\/fr\/wp-json\/wp\/v2\/categories?post=652952"},{"taxonomy":"post_tag","embeddable":true,"href":"https:\/\/www.europesays.com\/fr\/wp-json\/wp\/v2\/tags?post=652952"}],"curies":[{"name":"wp","href":"https:\/\/api.w.org\/{rel}","templated":true}]}}