{"id":652953,"date":"2026-01-10T01:38:23","date_gmt":"2026-01-10T01:38:23","guid":{"rendered":"https:\/\/www.europesays.com\/fr\/652953\/"},"modified":"2026-01-10T01:38:23","modified_gmt":"2026-01-10T01:38:23","slug":"au-cinema-six-netoiles-lancien-journaliste-de-france-inter-daniel-mermet-presente-ce-mercredi-soir-un-documentaire-sur-lhistoire-des-etats-unis","status":"publish","type":"post","link":"https:\/\/www.europesays.com\/fr\/652953\/","title":{"rendered":"Au cin\u00e9ma Six n\u2019\u00e9toiles, l\u2019ancien journaliste de France Inter Daniel Mermet pr\u00e9sente ce mercredi soir un documentaire sur l\u2019histoire des \u00c9tats-Unis"},"content":{"rendered":"<p class=\"fs-5 \">Le <strong>cin\u00e9ma Six n\u2019\u00e9toiles<\/strong> accueille ce mercredi soir une figure majeure du journalisme critique\u00a0: <strong>Daniel Mermet<\/strong>, invit\u00e9 pour pr\u00e9senter Howard Zinn, une histoire populaire <strong>am\u00e9ricaine<\/strong>, <strong>documentaire <\/strong>dont il est co-r\u00e9alisateur.<\/p>\n<p class=\"fs-5 \">La soir\u00e9e, anim\u00e9e par la <strong>Ligue des droits de l\u2019Homme<\/strong>, les<strong> Amis du Monde diplomatique<\/strong> et l<strong>\u2019association Coudes \u00e0 coudes<\/strong>, s\u2019annonce comme un v\u00e9ritable temps de r\u00e9flexion collective, suivi d\u2019un \u00e9change avec le public.<\/p>\n<p>                                                                                Une lecture de l\u2019histoire des \u00c9tats-Unis<\/p>\n<p class=\"fs-5 \">Connu pour avoir bouscul\u00e9 les codes de la radio pendant plus de vingt-cinq ans avec L\u00e0-bas si j\u2019y suis, Daniel Mermet prolonge ici le m\u00eame geste journalistique\u00a0: d\u00e9placer le regard, interroger les r\u00e9cits dominants et donner la parole \u00e0 ceux que l\u2019histoire officielle rel\u00e8gue souvent au second plan.<\/p>\n<p class=\"fs-5 \">\u00c0 travers l\u2019\u0153uvre de l\u2019historien am\u00e9ricain Howard Zinn, le film propose une lecture de l\u2019histoire des <strong>\u00c9tats-Unis<\/strong> vue depuis les luttes sociales, les r\u00e9sistances populaires et les voix invisibilis\u00e9es.<\/p>\n<p class=\"fs-5 \">Un contrechamp assum\u00e9, loin des r\u00e9cits h\u00e9ro\u00efques traditionnels, qui fait \u00e9cho aux grandes questions contemporaines\u00a0: pouvoir, m\u00e9dias, m\u00e9moire collective et responsabilit\u00e9 citoyenne.<\/p>\n<p>                                                                                Le cin\u00e9ma en outil de compr\u00e9hension du monde<\/p>\n<p class=\"fs-5 \">Plus qu\u2019une simple projection, la venue de Daniel Mermet au Six n\u2019\u00e9toiles s\u2019inscrit dans une rencontre vivante entre cin\u00e9ma, journalisme et d\u00e9bat public.<\/p>\n<p class=\"fs-5 \">L\u2019occasion pour le public d\u2019\u00e9changer directement avec un journaliste qui a marqu\u00e9 des g\u00e9n\u00e9rations d\u2019auditeurs, et de prolonger la r\u00e9flexion sur la mani\u00e8re dont se construisent les r\u00e9cits historiques et m\u00e9diatiques.<\/p>\n<p class=\"fs-5 \">Une soir\u00e9e pour celles et ceux qui consid\u00e8rent que le cin\u00e9ma peut aussi \u00eatre un outil de compr\u00e9hension du monde et un espace de parole.<\/p>\n<p class=\"fs-5 \"><strong>Savoir+<\/strong><\/p>\n<p class=\"fs-5 \">Ce mercredi soir \u00e0 19 h 30.<\/p>\n<p class=\"fs-5 \">Tarifs habituels.<\/p>\n","protected":false},"excerpt":{"rendered":"Le cin\u00e9ma Six n\u2019\u00e9toiles accueille ce mercredi soir une figure majeure du journalisme critique\u00a0: Daniel Mermet, invit\u00e9 pour&hellip;\n","protected":false},"author":2,"featured_media":652954,"comment_status":"","ping_status":"","sticky":false,"template":"","format":"standard","meta":{"footnotes":""},"categories":[9619],"tags":[1111,11,1777,674,1011,27,12,882,25,2310],"class_list":{"0":"post-652953","1":"post","2":"type-post","3":"status-publish","4":"format-standard","5":"has-post-thumbnail","7":"category-toulon","8":"tag-actu","9":"tag-actualites","10":"tag-eu","11":"tag-europe","12":"tag-fr","13":"tag-france","14":"tag-news","15":"tag-provence-alpes-cote-dazur","16":"tag-republique-francaise","17":"tag-toulon"},"share_on_mastodon":{"url":"https:\/\/pubeurope.com\/@fr\/115868251194586336","error":""},"_links":{"self":[{"href":"https:\/\/www.europesays.com\/fr\/wp-json\/wp\/v2\/posts\/652953","targetHints":{"allow":["GET"]}}],"collection":[{"href":"https:\/\/www.europesays.com\/fr\/wp-json\/wp\/v2\/posts"}],"about":[{"href":"https:\/\/www.europesays.com\/fr\/wp-json\/wp\/v2\/types\/post"}],"author":[{"embeddable":true,"href":"https:\/\/www.europesays.com\/fr\/wp-json\/wp\/v2\/users\/2"}],"replies":[{"embeddable":true,"href":"https:\/\/www.europesays.com\/fr\/wp-json\/wp\/v2\/comments?post=652953"}],"version-history":[{"count":0,"href":"https:\/\/www.europesays.com\/fr\/wp-json\/wp\/v2\/posts\/652953\/revisions"}],"wp:featuredmedia":[{"embeddable":true,"href":"https:\/\/www.europesays.com\/fr\/wp-json\/wp\/v2\/media\/652954"}],"wp:attachment":[{"href":"https:\/\/www.europesays.com\/fr\/wp-json\/wp\/v2\/media?parent=652953"}],"wp:term":[{"taxonomy":"category","embeddable":true,"href":"https:\/\/www.europesays.com\/fr\/wp-json\/wp\/v2\/categories?post=652953"},{"taxonomy":"post_tag","embeddable":true,"href":"https:\/\/www.europesays.com\/fr\/wp-json\/wp\/v2\/tags?post=652953"}],"curies":[{"name":"wp","href":"https:\/\/api.w.org\/{rel}","templated":true}]}}