{"id":652955,"date":"2026-01-10T01:39:12","date_gmt":"2026-01-10T01:39:12","guid":{"rendered":"https:\/\/www.europesays.com\/fr\/652955\/"},"modified":"2026-01-10T01:39:12","modified_gmt":"2026-01-10T01:39:12","slug":"trois-departs-et-trois-arrivees-a-letoile-fc-frejus-saint-raphael-qui-se-deplace-a-toulon-ce-week-end","status":"publish","type":"post","link":"https:\/\/www.europesays.com\/fr\/652955\/","title":{"rendered":"trois d\u00e9parts et trois arriv\u00e9es \u00e0 l\u2019\u00c9toile FC Fr\u00e9jus\/Saint-Rapha\u00ebl qui se d\u00e9place \u00e0 Toulon ce week-end"},"content":{"rendered":"<p class=\"fs-5 \">L\u2019\u00c9toile FC se d\u00e9place \u00e0 Toulon avec un effectif renouvel\u00e9. Avec trois d\u00e9parts et autant d\u2019arriv\u00e9es, le club varois a fait du m\u00e9nage \u00e0 tous les \u00e9tages pendant la tr\u00eave.<\/p>\n<p class=\"fs-5 \">Le gardien Lucas Mocio a d\u00e9cid\u00e9 de ranger les crampons pour des raisons professionnelles. L\u2019ancien portier de Saint-Priest (N2), Thomas Navaux, lui succ\u00e8de dans les buts fr\u00e9juso-rapha\u00eblois.<\/p>\n<p>                                                                                Diaby est parti<\/p>\n<p class=\"fs-5 \">Par ailleurs, Hammond Agamah a rejoint Chauray (N2), tandis que le meilleur buteur varois Abdoulaye Diaby (5 buts) s\u2019est engag\u00e9 avec Cr\u00e9teil (N2).<\/p>\n<p class=\"fs-5 \">Les deux attaquants sont remplac\u00e9s par des enfants du club qui \u00e9voluaient en National : le d\u00e9fenseur international guin\u00e9en Yasser Bald\u00e9 (ex-Quevilly-Rouen) et le milieu offensif Yanis El Khemiri (ex-Concarneau). \u00ab On a la volont\u00e9 de donner une identit\u00e9 locale \u00e0 l\u2019\u00e9quipe premi\u00e8re \u00bb, explique le co-pr\u00e9sident du club, Pierre Montoro.<\/p>\n<p class=\"fs-5 \">Les trois recrues seront de la partie d\u00e8s ce samedi soir \u00e0 Bon Rencontre, avec un objectif clair en t\u00eate. \u00ab Nous devons nous rassurer, \u00eatre un peu plus solide \u00bb, d\u00e9veloppe l\u2019entra\u00eeneur Thierry Malaspina.<\/p>\n","protected":false},"excerpt":{"rendered":"L\u2019\u00c9toile FC se d\u00e9place \u00e0 Toulon avec un effectif renouvel\u00e9. Avec trois d\u00e9parts et autant d\u2019arriv\u00e9es, le club&hellip;\n","protected":false},"author":2,"featured_media":652956,"comment_status":"","ping_status":"","sticky":false,"template":"","format":"standard","meta":{"footnotes":""},"categories":[9619],"tags":[1111,11,1777,674,1011,27,12,882,25,2310],"class_list":{"0":"post-652955","1":"post","2":"type-post","3":"status-publish","4":"format-standard","5":"has-post-thumbnail","7":"category-toulon","8":"tag-actu","9":"tag-actualites","10":"tag-eu","11":"tag-europe","12":"tag-fr","13":"tag-france","14":"tag-news","15":"tag-provence-alpes-cote-dazur","16":"tag-republique-francaise","17":"tag-toulon"},"share_on_mastodon":{"url":"https:\/\/pubeurope.com\/@fr\/115868255148353972","error":""},"_links":{"self":[{"href":"https:\/\/www.europesays.com\/fr\/wp-json\/wp\/v2\/posts\/652955","targetHints":{"allow":["GET"]}}],"collection":[{"href":"https:\/\/www.europesays.com\/fr\/wp-json\/wp\/v2\/posts"}],"about":[{"href":"https:\/\/www.europesays.com\/fr\/wp-json\/wp\/v2\/types\/post"}],"author":[{"embeddable":true,"href":"https:\/\/www.europesays.com\/fr\/wp-json\/wp\/v2\/users\/2"}],"replies":[{"embeddable":true,"href":"https:\/\/www.europesays.com\/fr\/wp-json\/wp\/v2\/comments?post=652955"}],"version-history":[{"count":0,"href":"https:\/\/www.europesays.com\/fr\/wp-json\/wp\/v2\/posts\/652955\/revisions"}],"wp:featuredmedia":[{"embeddable":true,"href":"https:\/\/www.europesays.com\/fr\/wp-json\/wp\/v2\/media\/652956"}],"wp:attachment":[{"href":"https:\/\/www.europesays.com\/fr\/wp-json\/wp\/v2\/media?parent=652955"}],"wp:term":[{"taxonomy":"category","embeddable":true,"href":"https:\/\/www.europesays.com\/fr\/wp-json\/wp\/v2\/categories?post=652955"},{"taxonomy":"post_tag","embeddable":true,"href":"https:\/\/www.europesays.com\/fr\/wp-json\/wp\/v2\/tags?post=652955"}],"curies":[{"name":"wp","href":"https:\/\/api.w.org\/{rel}","templated":true}]}}