{"id":652957,"date":"2026-01-10T01:40:17","date_gmt":"2026-01-10T01:40:17","guid":{"rendered":"https:\/\/www.europesays.com\/fr\/652957\/"},"modified":"2026-01-10T01:40:17","modified_gmt":"2026-01-10T01:40:17","slug":"montpellier-words-words-words-cedric-gourmelon-revisite-leo-ferre-sur-la-scene-du-theatre-jean-vilar-les-13-et-14-janvier","status":"publish","type":"post","link":"https:\/\/www.europesays.com\/fr\/652957\/","title":{"rendered":"Montpellier | \u00ab Words\u2026 words\u2026 words\u2026 \u00bb, C\u00e9dric Gourmelon revisite L\u00e9o Ferr\u00e9 sur la sc\u00e8ne du Th\u00e9\u00e2tre Jean Vilar les 13 et 14 janvier"},"content":{"rendered":"<p>\t\t\t\tLes 13 et 14 janvier, le Th\u00e9\u00e2tre Jean Vilar \u00e0 Montpellier accueille Words\u2026 words\u2026 words\u2026, un spectacle de C\u00e9dric Gourmelon qui r\u00e9invente la langue et l\u2019esprit de L\u00e9o Ferr\u00e9 \u00e0 travers une forme libre, entre th\u00e9\u00e2tre, po\u00e9sie et musique.<\/p>\n<p style=\"text-align: justify;\" data-start=\"558\" data-end=\"840\">Ni pi\u00e8ce de th\u00e9\u00e2tre ni hommage au sens classique, Words\u2026 words\u2026 words\u2026 propose une travers\u00e9e sensible des textes de L\u00e9o Ferr\u00e9. Les mots du chanteur, toujours charg\u00e9s d\u2019une \u00e9nergie po\u00e9tique et politique, sont ici r\u00e9agenc\u00e9s, d\u00e9plac\u00e9s, mis en jeu pour r\u00e9v\u00e9ler leur puissance intacte.<\/p>\n<p style=\"text-align: justify;\" data-start=\"842\" data-end=\"1162\">Seul en sc\u00e8ne, C\u00e9dric Gourmelon s\u2019empare de cette mati\u00e8re verbale avec une grande libert\u00e9. Il murmure, scande ou vocif\u00e8re les phrases de Ferr\u00e9, comme dans un dialogue intime avec une figure tut\u00e9laire qui traverse toute la pi\u00e8ce. Cette relation presque amoureuse entre l\u2019acteur et l\u2019auteur devient le moteur du spectacle.<\/p>\n<p style=\"text-align: justify;\" data-start=\"1164\" data-end=\"1389\">L\u2019\u00e9criture de Baptiste Amann accompagne ce face-\u00e0-face. Con\u00e7ue comme un contrepoint contemporain, elle fait r\u00e9sonner la langue de Ferr\u00e9 avec les inqui\u00e9tudes et les d\u00e9sirs d\u2019aujourd\u2019hui, sans jamais la figer dans la nostalgie.<\/p>\n<p style=\"text-align: justify;\" data-start=\"1391\" data-end=\"1589\">En jouant avec les codes et les conventions, le spectacle rend finalement un hommage paradoxal mais profond\u00e9ment fid\u00e8le \u00e0 l\u2019esprit de L\u00e9o Ferr\u00e9 : un art libre, indisciplin\u00e9 et toujours en mouvement.<\/p>\n<p style=\"text-align: justify;\" data-start=\"1391\" data-end=\"1589\"><strong>Plus d\u2019infos :<\/strong> <a href=\"https:\/\/theatrejeanvilar.montpellier.fr\/\" target=\"_blank\" rel=\"noopener\">theatrejeanvilar.montpellier.fr<\/a><\/p>\n<p style=\"text-align: justify;\" data-start=\"1391\" data-end=\"1589\">Photo : \u00a9 Simon Gosselin<\/p>\n","protected":false},"excerpt":{"rendered":"Les 13 et 14 janvier, le Th\u00e9\u00e2tre Jean Vilar \u00e0 Montpellier accueille Words\u2026 words\u2026 words\u2026, un spectacle de&hellip;\n","protected":false},"author":2,"featured_media":652958,"comment_status":"","ping_status":"","sticky":false,"template":"","format":"standard","meta":{"footnotes":""},"categories":[9599],"tags":[1111,11,1777,674,1011,27,2208,12,2680,25],"class_list":{"0":"post-652957","1":"post","2":"type-post","3":"status-publish","4":"format-standard","5":"has-post-thumbnail","7":"category-montpellier","8":"tag-actu","9":"tag-actualites","10":"tag-eu","11":"tag-europe","12":"tag-fr","13":"tag-france","14":"tag-montpellier","15":"tag-news","16":"tag-occitanie","17":"tag-republique-francaise"},"share_on_mastodon":{"url":"https:\/\/pubeurope.com\/@fr\/115868259028731651","error":""},"_links":{"self":[{"href":"https:\/\/www.europesays.com\/fr\/wp-json\/wp\/v2\/posts\/652957","targetHints":{"allow":["GET"]}}],"collection":[{"href":"https:\/\/www.europesays.com\/fr\/wp-json\/wp\/v2\/posts"}],"about":[{"href":"https:\/\/www.europesays.com\/fr\/wp-json\/wp\/v2\/types\/post"}],"author":[{"embeddable":true,"href":"https:\/\/www.europesays.com\/fr\/wp-json\/wp\/v2\/users\/2"}],"replies":[{"embeddable":true,"href":"https:\/\/www.europesays.com\/fr\/wp-json\/wp\/v2\/comments?post=652957"}],"version-history":[{"count":0,"href":"https:\/\/www.europesays.com\/fr\/wp-json\/wp\/v2\/posts\/652957\/revisions"}],"wp:featuredmedia":[{"embeddable":true,"href":"https:\/\/www.europesays.com\/fr\/wp-json\/wp\/v2\/media\/652958"}],"wp:attachment":[{"href":"https:\/\/www.europesays.com\/fr\/wp-json\/wp\/v2\/media?parent=652957"}],"wp:term":[{"taxonomy":"category","embeddable":true,"href":"https:\/\/www.europesays.com\/fr\/wp-json\/wp\/v2\/categories?post=652957"},{"taxonomy":"post_tag","embeddable":true,"href":"https:\/\/www.europesays.com\/fr\/wp-json\/wp\/v2\/tags?post=652957"}],"curies":[{"name":"wp","href":"https:\/\/api.w.org\/{rel}","templated":true}]}}