{"id":652959,"date":"2026-01-10T01:41:14","date_gmt":"2026-01-10T01:41:14","guid":{"rendered":"https:\/\/www.europesays.com\/fr\/652959\/"},"modified":"2026-01-10T01:41:14","modified_gmt":"2026-01-10T01:41:14","slug":"coupe-de-france-montpellier-chez-une-ligue-1-a-metz-pour-se-qualifier-en-huitiemes-et-se-racheter-apres-dunkerque","status":"publish","type":"post","link":"https:\/\/www.europesays.com\/fr\/652959\/","title":{"rendered":"Coupe de France\u00a0: Montpellier chez une Ligue 1, \u00e0 Metz, pour se qualifier en huiti\u00e8mes (et se racheter apr\u00e8s Dunkerque)"},"content":{"rendered":"<p>Derri\u00e8re l&rsquo;enjeu \u00ab\u00a0classique\u00a0\u00bb d&rsquo;un 16es de finale de Coupe de France, le MHSC sera particuli\u00e8rement attendu au niveau de l&rsquo;engagement et de l&rsquo;\u00e9tat d&rsquo;esprit, dimanche 11 janvier 2026, sur le terrain du FC Metz, \u00e9quipe de Ligue 1. La faute \u00e0 cette d\u00e9faite cinglante contre Dunkerque en d\u00e9but de semaine.<\/p>\n<p>Un double enjeu pour le MHSC en 16es de finale de la Coupe de France, dimanche 11 janvier 2026, sur le terrain du FC Metz. D&rsquo;abord, \u00e9videmment, se qualifier pour le tour suivant, en \u00e9liminant une \u00e9quipe de Ligue 1. Mais aussi et surtout se relever et se racheter apr\u00e8s la d\u00e9faite contre Dunkerque, lundi dernier \u00e0 la Mosson,\u00a0<a class=\"IciLink ici-link IciArticleLink g-ici-body-regular-1 underline brand svelte-1chfe2s\" href=\"https:\/\/www.francebleu.fr\/sports\/football\/en-direct-ligue-2-le-mhsc-recoit-dunkerque-pour-attaquer-la-phase-retour-suivez-le-match-en-integralite-9290134\" target=\"_blank\" rel=\"noopener\">ce cinglant 3-1 tr\u00e8s dur \u00e0 encaisser<\/a>.<\/p>\n<p>\u00ab\u00a0Il faut qu&rsquo;on retrouve de la consistance dans notre jeu, la solidit\u00e9 qui faisait notre force\u00a0\u00bb<\/p>\n<p>Apr\u00e8s un automne assez convaincant, la machine semble gripp\u00e9e depuis la fin novembre. Si le travail a \u00e9t\u00e9 fait sans briller contre des clubs amateurs en Coupe de France (Agde, Montceau-les-Mines, Canet-en-Roussillon), Montpellier reste sur trois d\u00e9faites (Reims, Pau et Dunkerque) et un nul (Grenoble) en Ligue 2.<\/p>\n<p>\u00ab\u00a0Il faut qu&rsquo;on retrouve de la consistance dans notre jeu, la solidit\u00e9 qui faisait notre force, et qu&rsquo;on trouve (parce que ce n&rsquo;est toujours pas le cas) de l&rsquo;efficacit\u00e9 quand on se cr\u00e9\u00e9 des occasions pour pouvoir marquer des buts. Des choses qu&rsquo;on doit retrouver, et des choses qu&rsquo;on doit aller chercher, parce qu&rsquo;on ne les a toujours pas\u00a0\u00bb, r\u00e9sumait l&rsquo;entra\u00eeneur, Zoumana Camara, en conf\u00e9rence de presse \u00e0 deux jours du match.<\/p>\n<p>Des ingr\u00e9dients \u00e0 mettre face \u00e0 une \u00e9curie de l&rsquo;\u00e9lite (promue quand le MHSC a \u00e9t\u00e9 rel\u00e9gu\u00e9), m\u00eame si elle pointe \u00e0 la derni\u00e8re position du classement.\u00a0\u00ab\u00a0C&rsquo;est bien d&rsquo;affronter une Ligue 1,\u00a0 par rapport au contexte amateur o\u00f9 on peut se retrouver sur des terrains compliqu\u00e9s\u00a0\u00bb, avance \u00ab\u00a0Papus\u00a0\u00bb Camara, mettant surtout en avant \u00ab\u00a0l&rsquo;envie de se racheter par rapport \u00e0 la prestation contre Dunkerque, notamment au niveau de l&rsquo;\u00e9tat d&rsquo;esprit en premi\u00e8re mi-temps, j&rsquo;attends beaucoup plus de mes joueurs\u00a0\u00bb.<\/p>\n<p>loading<\/p>\n<p>\u00c0 lire aussi   <img decoding=\"async\" src=\"https:\/\/www.europesays.com\/fr\/wp-content\/uploads\/2026\/01\/1768009274_309_400x400.jpeg\" alt=\"\" style=\"--_image-preview:url('data:image\/jpeg;base64,\/9j\/2wBDACgcHiMeGSgjISMtKygwPGRBPDc3PHtYXUlkkYCZlo+AjIqgtObDoKrarYqMyP\/L2u71\/\/\/\/m8H\/\/\/\/6\/+b9\/\/j\/2wBDASstLTw1PHZBQXb4pYyl+Pj4+Pj4+Pj4+Pj4+Pj4+Pj4+Pj4+Pj4+Pj4+Pj4+Pj4+Pj4+Pj4+Pj4+Pj4+Pj4+Pj\/wAARCAAXACoDASIAAhEBAxEB\/8QAGAABAQEBAQAAAAAAAAAAAAAAAAEDAgT\/xAAYEAEBAQEBAAAAAAAAAAAAAAAAERIBAv\/EABcBAQADAAAAAAAAAAAAAAAAAAABAgP\/xAAVEQEBAAAAAAAAAAAAAAAAAAAAEf\/aAAwDAQACEQMRAD8A80I7hFaOImWuTJRj3ymW2UyUac4sBmhYQASEAH\/\/2Q==');\" loading=\"lazy\" fetchpriority=\"low\" aria-hidden=\"true\" class=\"svelte-1cksh76 rounded\" onload=\"this.__e=event\" onerror=\"this.__e=event\"\/>Chennahi out, Mbuku toujours pas rentr\u00e9<\/p>\n<p>Le MHSC sera priv\u00e9 de plusieurs joueurs pour cette rencontre. Th\u00e9o Chennahi, sorti en cours de partie lundi, ne sera pas du voyage. Ayanda Sishuba et Th\u00e9o Sainte-Luce, bless\u00e9s, ne sont toujours pas aptes. Nathana\u00ebl Mbuku, \u00e9limin\u00e9 de la CAN avec la R\u00e9publique D\u00e9mocratique du Congo, ne sera pas rentr\u00e9 \u00e0 temps, tout comme Simon Ngapandouetnbu, engag\u00e9 avec le Cameroun.<\/p>\n<ul>\n<li><strong>Suivez le d\u00e9placement du MHSC chez le FC Metz, dimanche 11 janvier 2026, avec les commentaires d&rsquo;ICI H\u00e9rault\u00a0! En direct du Stade Saint-Symphorien d\u00e8s 17h45 pour l&rsquo;avant-match<\/strong><\/li>\n<\/ul>\n<p>Les programme des 16es de finale <\/p>\n<p>loading<\/p>\n","protected":false},"excerpt":{"rendered":"Derri\u00e8re l&rsquo;enjeu \u00ab\u00a0classique\u00a0\u00bb d&rsquo;un 16es de finale de Coupe de France, le MHSC sera particuli\u00e8rement attendu au niveau&hellip;\n","protected":false},"author":2,"featured_media":652960,"comment_status":"","ping_status":"","sticky":false,"template":"","format":"standard","meta":{"footnotes":""},"categories":[9599],"tags":[1111,11,1777,674,1011,27,2208,12,2680,25],"class_list":{"0":"post-652959","1":"post","2":"type-post","3":"status-publish","4":"format-standard","5":"has-post-thumbnail","7":"category-montpellier","8":"tag-actu","9":"tag-actualites","10":"tag-eu","11":"tag-europe","12":"tag-fr","13":"tag-france","14":"tag-montpellier","15":"tag-news","16":"tag-occitanie","17":"tag-republique-francaise"},"share_on_mastodon":{"url":"https:\/\/pubeurope.com\/@fr\/115868262937096417","error":""},"_links":{"self":[{"href":"https:\/\/www.europesays.com\/fr\/wp-json\/wp\/v2\/posts\/652959","targetHints":{"allow":["GET"]}}],"collection":[{"href":"https:\/\/www.europesays.com\/fr\/wp-json\/wp\/v2\/posts"}],"about":[{"href":"https:\/\/www.europesays.com\/fr\/wp-json\/wp\/v2\/types\/post"}],"author":[{"embeddable":true,"href":"https:\/\/www.europesays.com\/fr\/wp-json\/wp\/v2\/users\/2"}],"replies":[{"embeddable":true,"href":"https:\/\/www.europesays.com\/fr\/wp-json\/wp\/v2\/comments?post=652959"}],"version-history":[{"count":0,"href":"https:\/\/www.europesays.com\/fr\/wp-json\/wp\/v2\/posts\/652959\/revisions"}],"wp:featuredmedia":[{"embeddable":true,"href":"https:\/\/www.europesays.com\/fr\/wp-json\/wp\/v2\/media\/652960"}],"wp:attachment":[{"href":"https:\/\/www.europesays.com\/fr\/wp-json\/wp\/v2\/media?parent=652959"}],"wp:term":[{"taxonomy":"category","embeddable":true,"href":"https:\/\/www.europesays.com\/fr\/wp-json\/wp\/v2\/categories?post=652959"},{"taxonomy":"post_tag","embeddable":true,"href":"https:\/\/www.europesays.com\/fr\/wp-json\/wp\/v2\/tags?post=652959"}],"curies":[{"name":"wp","href":"https:\/\/api.w.org\/{rel}","templated":true}]}}