{"id":652961,"date":"2026-01-10T01:44:12","date_gmt":"2026-01-10T01:44:12","guid":{"rendered":"https:\/\/www.europesays.com\/fr\/652961\/"},"modified":"2026-01-10T01:44:12","modified_gmt":"2026-01-10T01:44:12","slug":"le-leader-de-national-soffre-un-joueur-de-ligue-2-off","status":"publish","type":"post","link":"https:\/\/www.europesays.com\/fr\/652961\/","title":{"rendered":"le leader de National s\u2019offre un joueur de Ligue 2 (off)"},"content":{"rendered":"<p>De quoi offrir plus de solutions \u00e0 R\u00e9gis Brouard en vue de cette deuxi\u00e8me partie de saison qui s\u2019annonce bouillante. Ces derni\u00e8res heures, le FC Rouen a effectivement officialis\u00e9 l\u2019arriv\u00e9e de sa toute derni\u00e8re recrue en la personne de Samuel Renel. Le milieu de terrain d\u00e9barque en provenance du Red Star, qu\u2019il retrouvera \u00e0 l\u2019issue de la saison. Le joueur de 24 ans, qui a d\u00e9j\u00e0 disput\u00e9 87 matchs de Ligue 2 dans sa jeune carri\u00e8re, a notamment fait partie de l\u2019\u00e9quipe type du championnat de National lors de la saison 2023-2024 et la mont\u00e9e du Red Star.\u00a0<\/p>\n<p>Le communiqu\u00e9 du FCR<\/p>\n<p>Partagez cette info avec vos amis et vos proches en cliquant ici<br \/>Pour r\u00e9sumer<\/p>\n<p>De quoi offrir plus de solutions \u00e0 R\u00e9gis Brouard en vue de cette deuxi\u00e8me partie de saison qui s\u2019annonce bouillante. Ces derni\u00e8res heures, le FC Rouen a effectivement officialis\u00e9 l\u2019arriv\u00e9e de sa toute derni\u00e8re recrue en la personne de Samuel Renel.<\/p>\n<p> <img decoding=\"async\" width=\"76\" height=\"76\" loading=\"lazy\" src=\"https:\/\/static.wui.fr\/images_v3\/avatar-footnational.png\" alt=\"Youcef Ghalaza-Boudra\"\/><\/p>\n","protected":false},"excerpt":{"rendered":"De quoi offrir plus de solutions \u00e0 R\u00e9gis Brouard en vue de cette deuxi\u00e8me partie de saison qui&hellip;\n","protected":false},"author":2,"featured_media":652962,"comment_status":"","ping_status":"","sticky":false,"template":"","format":"standard","meta":{"footnotes":""},"categories":[9587],"tags":[1111,11,1777,674,1011,27,59995,71739,59645,61695,12,5161,25,9590],"class_list":{"0":"post-652961","1":"post","2":"type-post","3":"status-publish","4":"format-standard","5":"has-post-thumbnail","7":"category-rouen","8":"tag-actu","9":"tag-actualites","10":"tag-eu","11":"tag-europe","12":"tag-fr","13":"tag-france","14":"tag-ligue-2-actus","15":"tag-ligue-2-mercato","16":"tag-national-actus","17":"tag-national-mercato","18":"tag-news","19":"tag-normandie","20":"tag-republique-francaise","21":"tag-rouen"},"share_on_mastodon":{"url":"https:\/\/pubeurope.com\/@fr\/115868274767921159","error":""},"_links":{"self":[{"href":"https:\/\/www.europesays.com\/fr\/wp-json\/wp\/v2\/posts\/652961","targetHints":{"allow":["GET"]}}],"collection":[{"href":"https:\/\/www.europesays.com\/fr\/wp-json\/wp\/v2\/posts"}],"about":[{"href":"https:\/\/www.europesays.com\/fr\/wp-json\/wp\/v2\/types\/post"}],"author":[{"embeddable":true,"href":"https:\/\/www.europesays.com\/fr\/wp-json\/wp\/v2\/users\/2"}],"replies":[{"embeddable":true,"href":"https:\/\/www.europesays.com\/fr\/wp-json\/wp\/v2\/comments?post=652961"}],"version-history":[{"count":0,"href":"https:\/\/www.europesays.com\/fr\/wp-json\/wp\/v2\/posts\/652961\/revisions"}],"wp:featuredmedia":[{"embeddable":true,"href":"https:\/\/www.europesays.com\/fr\/wp-json\/wp\/v2\/media\/652962"}],"wp:attachment":[{"href":"https:\/\/www.europesays.com\/fr\/wp-json\/wp\/v2\/media?parent=652961"}],"wp:term":[{"taxonomy":"category","embeddable":true,"href":"https:\/\/www.europesays.com\/fr\/wp-json\/wp\/v2\/categories?post=652961"},{"taxonomy":"post_tag","embeddable":true,"href":"https:\/\/www.europesays.com\/fr\/wp-json\/wp\/v2\/tags?post=652961"}],"curies":[{"name":"wp","href":"https:\/\/api.w.org\/{rel}","templated":true}]}}