{"id":652963,"date":"2026-01-10T01:45:51","date_gmt":"2026-01-10T01:45:51","guid":{"rendered":"https:\/\/www.europesays.com\/fr\/652963\/"},"modified":"2026-01-10T01:45:51","modified_gmt":"2026-01-10T01:45:51","slug":"la-circulation-des-poids-lourds-restreinte-par-arrete-prefectoral-dans-le-sud-isere","status":"publish","type":"post","link":"https:\/\/www.europesays.com\/fr\/652963\/","title":{"rendered":"la circulation des poids lourds restreinte par arr\u00eat\u00e9 pr\u00e9fectoral dans le sud-Is\u00e8re"},"content":{"rendered":"<p>Par arr\u00eat\u00e9 pr\u00e9fectoral, la circulation des v\u00e9hicules de transport dont le poids total autoris\u00e9 en charge (PTAC) est sup\u00e9rieur \u00e0 7,5 tonnes est interdite, dans les deux sens de circulation, \u00e0 compter de ce jeudi 8\u00a0janvier apr\u00e8s-midi et pour une dur\u00e9e ind\u00e9termin\u00e9e\u00a0:<\/p>\n<ul>\n<li>\u2013 Sur l\u2019autoroute A51 entre Varces et le col du Fau.<\/li>\n<li>\u2013 Sur la RN85 dans la rampe de Laffrey, entre les communes de Vizille et de Saint-Pierre de M\u00e9sage.<\/li>\n<li>\u2013 Sur la RD1085 entre les communes de Laffrey et Corps.<\/li>\n<li>\u2013 Sur la RD 529 entre les communes de Jarrie et La Mure.<\/li>\n<li>\u2013 Sur la RD1075 entre les communes de Monestier-de-Clermont et le col de la Croix-Haute.<\/li>\n<li>Ces v\u00e9hicules seront stock\u00e9s ou retourn\u00e9s sous le contr\u00f4le des forces de l\u2019ordre.<\/li>\n<\/ul>\n<p>Sur d\u00e9cision et contr\u00f4le des forces de l\u2019ordre, les PL stock\u00e9s sur zones, pourront \u00eatre lib\u00e9r\u00e9s par convois, en fonction de l\u2019am\u00e9lioration des conditions m\u00e9t\u00e9orologiques.<\/p>\n","protected":false},"excerpt":{"rendered":"Par arr\u00eat\u00e9 pr\u00e9fectoral, la circulation des v\u00e9hicules de transport dont le poids total autoris\u00e9 en charge (PTAC) est&hellip;\n","protected":false},"author":2,"featured_media":652964,"comment_status":"","ping_status":"","sticky":false,"template":"","format":"standard","meta":{"footnotes":""},"categories":[9566],"tags":[1111,11,2430,112,1777,674,274,107,1011,27,2731,2732,108,12,25],"class_list":{"0":"post-652963","1":"post","2":"type-post","3":"status-publish","4":"format-standard","5":"has-post-thumbnail","7":"category-grenoble","8":"tag-actu","9":"tag-actualites","10":"tag-auvergne-rhone-alpes","11":"tag-edition-grenoble-agglomeration","12":"tag-eu","13":"tag-europe","14":"tag-faits-divers-justice","15":"tag-fil-info","16":"tag-fr","17":"tag-france","18":"tag-grenoble","19":"tag-grenoble-bassin","20":"tag-isere","21":"tag-news","22":"tag-republique-francaise"},"share_on_mastodon":{"url":"https:\/\/pubeurope.com\/@fr\/115868282526739883","error":""},"_links":{"self":[{"href":"https:\/\/www.europesays.com\/fr\/wp-json\/wp\/v2\/posts\/652963","targetHints":{"allow":["GET"]}}],"collection":[{"href":"https:\/\/www.europesays.com\/fr\/wp-json\/wp\/v2\/posts"}],"about":[{"href":"https:\/\/www.europesays.com\/fr\/wp-json\/wp\/v2\/types\/post"}],"author":[{"embeddable":true,"href":"https:\/\/www.europesays.com\/fr\/wp-json\/wp\/v2\/users\/2"}],"replies":[{"embeddable":true,"href":"https:\/\/www.europesays.com\/fr\/wp-json\/wp\/v2\/comments?post=652963"}],"version-history":[{"count":0,"href":"https:\/\/www.europesays.com\/fr\/wp-json\/wp\/v2\/posts\/652963\/revisions"}],"wp:featuredmedia":[{"embeddable":true,"href":"https:\/\/www.europesays.com\/fr\/wp-json\/wp\/v2\/media\/652964"}],"wp:attachment":[{"href":"https:\/\/www.europesays.com\/fr\/wp-json\/wp\/v2\/media?parent=652963"}],"wp:term":[{"taxonomy":"category","embeddable":true,"href":"https:\/\/www.europesays.com\/fr\/wp-json\/wp\/v2\/categories?post=652963"},{"taxonomy":"post_tag","embeddable":true,"href":"https:\/\/www.europesays.com\/fr\/wp-json\/wp\/v2\/tags?post=652963"}],"curies":[{"name":"wp","href":"https:\/\/api.w.org\/{rel}","templated":true}]}}