{"id":652965,"date":"2026-01-10T01:46:14","date_gmt":"2026-01-10T01:46:14","guid":{"rendered":"https:\/\/www.europesays.com\/fr\/652965\/"},"modified":"2026-01-10T01:46:14","modified_gmt":"2026-01-10T01:46:14","slug":"hockey-sur-glace-alexandre-texier-flambe-a-montreal","status":"publish","type":"post","link":"https:\/\/www.europesays.com\/fr\/652965\/","title":{"rendered":"Hockey sur Glace\u00a0: Alexandre Texier flambe \u00e0 Montr\u00e9al"},"content":{"rendered":"<p>Barr\u00e9 \u00e0 Saint-Louis, Alexandre Texier retrouve des couleurs ces derni\u00e8res semaines \u00e0 Montr\u00e9al. Le Grenoblois est en passe de s&rsquo;imposer dans l&rsquo;une des franchises les plus c\u00e9l\u00e8bres du sport nord-am\u00e9ricain.<\/p>\n<p>Alexandre Texier tout sourire sur la glace du Centre Bell, l&rsquo;image se r\u00e9p\u00e8te ces derniers jours. L&rsquo;antre du Canadien de Montr\u00e9al n&rsquo;en finit plus de c\u00e9l\u00e9brer son attaquant fran\u00e7ais de <strong>26 ans<\/strong>, auteur de sept buts depuis son arriv\u00e9e fin novembre, dont quatre en \u00e0 peine 24 heures contre Calgary et Florida. Face aux Panthers (victoire de Montr\u00e9al 6-2), le Grenoblois a m\u00eame inscrit <strong>un tripl\u00e9, le premier de sa carri\u00e8re en NHL<\/strong>, ce qu&rsquo;un seul fran\u00e7ais, Antoine Roussel, avait fait avant lui.<\/p>\n<p> \u00ab\u00a0Heureux d&rsquo;\u00eatre ici\u00a0\u00bb, Alexandre Texier<\/p>\n<p>Il y a encore deux mois, l&rsquo;attaquant \u00e9tait peu utilis\u00e9 \u00e0 Saint-Louis, la franchise finissant m\u00eame par le lib\u00e9rer de son contrat. Alexandre Texier a donc rebondi \u00e0 Montr\u00e9al, o\u00f9 il s&rsquo;est tr\u00e8s vite int\u00e9gr\u00e9, devenant au fil des semaines l&rsquo;un des premiers choix offensif de l&rsquo;\u00e9quipe la plus titr\u00e9e de l&rsquo;histoire de la NHL. Interrog\u00e9 sur la glace du Centre Bell il y a quelques jours, le num\u00e9ro 85 disait son bonheur devant les milliers de spectateurs\u00a0: \u00ab\u00a0Je me sens vraiment bien, je suis heureux d&rsquo;\u00eatre ici\u00a0\u00bb. De tr\u00e8s bon augure \u00e0 quelques semaines des <strong>JO de Milan<\/strong> que le Grenoblois disputera avec l&rsquo;\u00e9quipe de France.<\/p>\n<p>Dans les pas de Cristobal Huet<\/p>\n<p>Alexandre Texier semble suivre les traces d&rsquo;un autre Grenoblois, Cristobal Huet. Lui aussi avait d\u00e9barqu\u00e9 \u00e0 Montr\u00e9al en quasi inconnu avant de s&rsquo;imposer, de disputer le All Star game, et de devenir le <strong>chouchou du public<\/strong> qui chantait m\u00eame la Marseillaise pendant les matchs. L&rsquo;hymne n&rsquo;a pas encore raisonn\u00e9 pour Alexandre Texier, mais son club a d\u00e9j\u00e0 trouv\u00e9 un moyen de c\u00e9l\u00e9brer son attaquant en faisant raisonner du Charles Aznavour dans les enceintes du Centre Bell.<\/p>\n","protected":false},"excerpt":{"rendered":"Barr\u00e9 \u00e0 Saint-Louis, Alexandre Texier retrouve des couleurs ces derni\u00e8res semaines \u00e0 Montr\u00e9al. Le Grenoblois est en passe&hellip;\n","protected":false},"author":2,"featured_media":652966,"comment_status":"","ping_status":"","sticky":false,"template":"","format":"standard","meta":{"footnotes":""},"categories":[9566],"tags":[1111,11,2430,1777,674,1011,27,2731,12,25],"class_list":{"0":"post-652965","1":"post","2":"type-post","3":"status-publish","4":"format-standard","5":"has-post-thumbnail","7":"category-grenoble","8":"tag-actu","9":"tag-actualites","10":"tag-auvergne-rhone-alpes","11":"tag-eu","12":"tag-europe","13":"tag-fr","14":"tag-france","15":"tag-grenoble","16":"tag-news","17":"tag-republique-francaise"},"share_on_mastodon":{"url":"https:\/\/pubeurope.com\/@fr\/115868282603155183","error":""},"_links":{"self":[{"href":"https:\/\/www.europesays.com\/fr\/wp-json\/wp\/v2\/posts\/652965","targetHints":{"allow":["GET"]}}],"collection":[{"href":"https:\/\/www.europesays.com\/fr\/wp-json\/wp\/v2\/posts"}],"about":[{"href":"https:\/\/www.europesays.com\/fr\/wp-json\/wp\/v2\/types\/post"}],"author":[{"embeddable":true,"href":"https:\/\/www.europesays.com\/fr\/wp-json\/wp\/v2\/users\/2"}],"replies":[{"embeddable":true,"href":"https:\/\/www.europesays.com\/fr\/wp-json\/wp\/v2\/comments?post=652965"}],"version-history":[{"count":0,"href":"https:\/\/www.europesays.com\/fr\/wp-json\/wp\/v2\/posts\/652965\/revisions"}],"wp:featuredmedia":[{"embeddable":true,"href":"https:\/\/www.europesays.com\/fr\/wp-json\/wp\/v2\/media\/652966"}],"wp:attachment":[{"href":"https:\/\/www.europesays.com\/fr\/wp-json\/wp\/v2\/media?parent=652965"}],"wp:term":[{"taxonomy":"category","embeddable":true,"href":"https:\/\/www.europesays.com\/fr\/wp-json\/wp\/v2\/categories?post=652965"},{"taxonomy":"post_tag","embeddable":true,"href":"https:\/\/www.europesays.com\/fr\/wp-json\/wp\/v2\/tags?post=652965"}],"curies":[{"name":"wp","href":"https:\/\/api.w.org\/{rel}","templated":true}]}}