{"id":652967,"date":"2026-01-10T01:48:27","date_gmt":"2026-01-10T01:48:27","guid":{"rendered":"https:\/\/www.europesays.com\/fr\/652967\/"},"modified":"2026-01-10T01:48:27","modified_gmt":"2026-01-10T01:48:27","slug":"rennes-double-lol-cest-confirme","status":"publish","type":"post","link":"https:\/\/www.europesays.com\/fr\/652967\/","title":{"rendered":"Rennes double l&rsquo;OL, c&rsquo;est confirm\u00e9"},"content":{"rendered":"<p><b>Annonc\u00e9 sur les tablettes de Lyon depuis plusieurs semaines, Sebastian Szymanski est aussi la priorit\u00e9 de Rennes au milieu de terrain. Le club breton a pris de l&rsquo;avance sur l&rsquo;<a href=\"https:\/\/www.foot01.com\/ol\" title=\"OL\" target=\"_blank\" rel=\"noopener\">OL<\/a> dans ce dossier et semble en mesure de conclure le transfert rapidement.<\/b>O\u00f9 jouera Sebastian Szymanski en 2026 ? Rempla\u00e7ant \u00e0 Fenerbah\u00e7e depuis l&rsquo;arriv\u00e9e de Domenico Tedesco sur le banc stambouliote, le milieu polonais envisage un d\u00e9part cet hiver. La Ligue 1 a de grandes chances de le r\u00e9cup\u00e9rer. Deux clubs se le disputent en ce moment, le <a href=\"https:\/\/www.foot01.com\/rennes\" target=\"_self\" rel=\"noopener\">Stade Rennais<\/a> et l&rsquo;<a href=\"https:\/\/www.foot01.com\/ol\" target=\"_self\" rel=\"noopener\">Olympique Lyonnais<\/a>. La cellule de recrutement rhodanienne s&rsquo;est manifest\u00e9e en premi\u00e8re d\u00e8s le d\u00e9but du mois de d\u00e9cembre. Szymanski repr\u00e9sente un transfert accessible financi\u00e8rement pour l&rsquo;<a href=\"https:\/\/www.foot01.com\/ol\" title=\"OL\" target=\"_blank\" rel=\"noopener\">OL<\/a>. N\u00e9anmoins, Rennes est en train d&rsquo;\u00e9c\u0153urer les Gones.Szymanski \u00e0 Rennes, \u00e7a avance vite<\/p>\n<p>Les Bretons ont acc\u00e9l\u00e9r\u00e9 le tempo en 2026 et ils sont m\u00eame devenus les favoris du dossier selon les informations de Ouest-France. Le quotidien r\u00e9gional affirme que les discussions sont<br \/>\n\u00ab avanc\u00e9es \u00bb entre Fenerbah\u00e7e, Rennes et le clan Szymanski. L&rsquo;international polonais appr\u00e9cie le projet rennais. Jouer le haut de tableau en Ligue 1 et la course \u00e0 l&rsquo;Europe est une perspective tr\u00e8s r\u00e9jouissante pour un joueur cantonn\u00e9 au banc de touche \u00e0 Istanbul.<\/p>\n<p>Cette nouvelle aventure doit lui permettre de garder sa place en \u00e9quipe nationale. Barragiste en mars, la Pologne pourrait disputer la Coupe du monde l&rsquo;\u00e9t\u00e9 prochain (groupe F avec les Pays-Bas, le Japon et la Tunisie). Une belle motivation pour Szymanski, lequel c\u00f4toiera son compatriote Frankowski en Bretagne. Dernier \u00e9l\u00e9ment \u00e0 \u00e9claircir pour Rennes : le prix. Le transfert du milieu polonais devrait se n\u00e9gocier autour des 10 millions d&rsquo;euros. Une vente de Ludovic Blas notamment est attendue pour financer ce recrutement et lib\u00e9rer une place dans l&rsquo;entrejeu rennais.<\/p>\n<p><img decoding=\"async\" src=\"https:\/\/www.europesays.com\/fr\/wp-content\/uploads\/2026\/01\/156180.png\" alt=\"S. Szyma\u0144ski\" class=\"w-16 h-16 object-cover rounded-full\"\/><\/p>\n<p>S. Szyma\u0144ski<\/p>\n<p><img decoding=\"async\" src=\"https:\/\/www.europesays.com\/fr\/wp-content\/uploads\/2026\/01\/pl.png\" alt=\"Poland\" class=\"w-6 h-4 object-cover\"\/>Pologne \u2022 \u00c2ge 26 \u2022 Milieu<\/p>\n<p>WC Qualification Europe2026<\/p>\n<p>Champions League2025\/2026<\/p>\n","protected":false},"excerpt":{"rendered":"Annonc\u00e9 sur les tablettes de Lyon depuis plusieurs semaines, Sebastian Szymanski est aussi la priorit\u00e9 de Rennes au&hellip;\n","protected":false},"author":2,"featured_media":647966,"comment_status":"","ping_status":"","sticky":false,"template":"","format":"standard","meta":{"footnotes":""},"categories":[2821],"tags":[1111,11,829,1777,674,1011,27,1434,12,241,584,25],"class_list":{"0":"post-652967","1":"post","2":"type-post","3":"status-publish","4":"format-standard","5":"has-post-thumbnail","7":"category-rennes","8":"tag-actu","9":"tag-actualites","10":"tag-bretagne","11":"tag-eu","12":"tag-europe","13":"tag-fr","14":"tag-france","15":"tag-mercato","16":"tag-news","17":"tag-ol","18":"tag-rennes","19":"tag-republique-francaise"},"share_on_mastodon":{"url":"https:\/\/pubeurope.com\/@fr\/115868290600811701","error":""},"_links":{"self":[{"href":"https:\/\/www.europesays.com\/fr\/wp-json\/wp\/v2\/posts\/652967","targetHints":{"allow":["GET"]}}],"collection":[{"href":"https:\/\/www.europesays.com\/fr\/wp-json\/wp\/v2\/posts"}],"about":[{"href":"https:\/\/www.europesays.com\/fr\/wp-json\/wp\/v2\/types\/post"}],"author":[{"embeddable":true,"href":"https:\/\/www.europesays.com\/fr\/wp-json\/wp\/v2\/users\/2"}],"replies":[{"embeddable":true,"href":"https:\/\/www.europesays.com\/fr\/wp-json\/wp\/v2\/comments?post=652967"}],"version-history":[{"count":0,"href":"https:\/\/www.europesays.com\/fr\/wp-json\/wp\/v2\/posts\/652967\/revisions"}],"wp:featuredmedia":[{"embeddable":true,"href":"https:\/\/www.europesays.com\/fr\/wp-json\/wp\/v2\/media\/647966"}],"wp:attachment":[{"href":"https:\/\/www.europesays.com\/fr\/wp-json\/wp\/v2\/media?parent=652967"}],"wp:term":[{"taxonomy":"category","embeddable":true,"href":"https:\/\/www.europesays.com\/fr\/wp-json\/wp\/v2\/categories?post=652967"},{"taxonomy":"post_tag","embeddable":true,"href":"https:\/\/www.europesays.com\/fr\/wp-json\/wp\/v2\/tags?post=652967"}],"curies":[{"name":"wp","href":"https:\/\/api.w.org\/{rel}","templated":true}]}}