{"id":652968,"date":"2026-01-10T01:49:12","date_gmt":"2026-01-10T01:49:12","guid":{"rendered":"https:\/\/www.europesays.com\/fr\/652968\/"},"modified":"2026-01-10T01:49:12","modified_gmt":"2026-01-10T01:49:12","slug":"epique-epoque-faut-il-avoir-peur-des-asteroides-conference-a-strasbourg","status":"publish","type":"post","link":"https:\/\/www.europesays.com\/fr\/652968\/","title":{"rendered":"\u201cEpique epoque : Faut il avoir peur des asteroides ?\u201d : Conference a Strasbourg"},"content":{"rendered":"<p>\t\t\t\t\t\t\t\t\t<a href=\"https:\/\/www.dna.fr\/pour-sortir\/loisirs\/Rencontre-conference\/Conferences\/Alsace\/Bas-rhin\/Strasbourg\/2026\/01\/22\/javascript:history.back();\" rel=\"nofollow noopener\" class=\"backToSearch\" target=\"_blank\">Retour \u00e0 la recherche<\/a><\/p>\n<p class=\"media-desc\" itemprop=\"description\">&#13;<br \/>\n\t\t\t\t\tChaque ann\u00e9e, pr\u00e8s de 3 000 ast\u00e9ro\u00efdes susceptibles de croiser l\u2019orbite terrestre sont identifi\u00e9s. De temps en temps, l\u2019un d\u2019eux fait la une, pr\u00e9sent\u00e9e comme une menace potentielle. &#13;<br \/>\n\t\t\t\t\t\t\t\t\t\t\t&#13;<br \/>\n\t\t\t\t\t\t\t\t\t\tAussit\u00f4t, le spectre d\u2019un impact cataclysmique resurgit, pourtant derri\u00e8re ces sc\u00e9narios se cache une r\u00e9alit\u00e9 scientifique bien plus riche. En effet, \u00e9tudier les ast\u00e9ro\u00efdes ce n\u2019est pas uniquement calculer leurs trajectoires, c\u2019est aussi explorer les origines de la vie, questionner l\u2019arriv\u00e9e de l\u2019eau sur terre, affiner les connaissances sur les forces cosmiques etc. De la g\u00e9ologie \u00e0 l\u2019astrophysique, cette rencontre \u00e0 deux voix invite \u00e0 explorer les myst\u00e8res des ast\u00e9ro\u00efdes, leurs enseignements et les m\u00e9thodes scientifiques actuelles pour les \u00e9tudier. Dans le cadre de la saison \u00ab Ast\u00e9ro\u00efdes ! \u00bb propos\u00e9e par le Jardin des sciences, de janvier \u00e0 juin 2026.<br \/>\nRegards crois\u00e9s de : Alain Doressoundiram (astrophysicien \u00e0 l&rsquo;Observatoire de Paris-Universit\u00e9 PSL) et Barbara Gollain (responsable du Mus\u00e9e de min\u00e9ralogie, Jardin des sciences de l\u2019Universit\u00e9 de Strasbourg \/ EOST). &#13;\n\t\t\t\t  <\/p>\n","protected":false},"excerpt":{"rendered":"Retour \u00e0 la recherche &#13; Chaque ann\u00e9e, pr\u00e8s de 3 000 ast\u00e9ro\u00efdes susceptibles de croiser l\u2019orbite terrestre sont&hellip;\n","protected":false},"author":2,"featured_media":652969,"comment_status":"","ping_status":"","sticky":false,"template":"","format":"standard","meta":{"footnotes":""},"categories":[2820],"tags":[1111,11,1777,674,1011,27,775,12,25,640],"class_list":{"0":"post-652968","1":"post","2":"type-post","3":"status-publish","4":"format-standard","5":"has-post-thumbnail","7":"category-strasbourg","8":"tag-actu","9":"tag-actualites","10":"tag-eu","11":"tag-europe","12":"tag-fr","13":"tag-france","14":"tag-grand-est","15":"tag-news","16":"tag-republique-francaise","17":"tag-strasbourg"},"share_on_mastodon":{"url":"https:\/\/pubeurope.com\/@fr\/115868294402593895","error":""},"_links":{"self":[{"href":"https:\/\/www.europesays.com\/fr\/wp-json\/wp\/v2\/posts\/652968","targetHints":{"allow":["GET"]}}],"collection":[{"href":"https:\/\/www.europesays.com\/fr\/wp-json\/wp\/v2\/posts"}],"about":[{"href":"https:\/\/www.europesays.com\/fr\/wp-json\/wp\/v2\/types\/post"}],"author":[{"embeddable":true,"href":"https:\/\/www.europesays.com\/fr\/wp-json\/wp\/v2\/users\/2"}],"replies":[{"embeddable":true,"href":"https:\/\/www.europesays.com\/fr\/wp-json\/wp\/v2\/comments?post=652968"}],"version-history":[{"count":0,"href":"https:\/\/www.europesays.com\/fr\/wp-json\/wp\/v2\/posts\/652968\/revisions"}],"wp:featuredmedia":[{"embeddable":true,"href":"https:\/\/www.europesays.com\/fr\/wp-json\/wp\/v2\/media\/652969"}],"wp:attachment":[{"href":"https:\/\/www.europesays.com\/fr\/wp-json\/wp\/v2\/media?parent=652968"}],"wp:term":[{"taxonomy":"category","embeddable":true,"href":"https:\/\/www.europesays.com\/fr\/wp-json\/wp\/v2\/categories?post=652968"},{"taxonomy":"post_tag","embeddable":true,"href":"https:\/\/www.europesays.com\/fr\/wp-json\/wp\/v2\/tags?post=652968"}],"curies":[{"name":"wp","href":"https:\/\/api.w.org\/{rel}","templated":true}]}}