{"id":65297,"date":"2025-04-30T21:07:10","date_gmt":"2025-04-30T21:07:10","guid":{"rendered":"https:\/\/www.europesays.com\/fr\/65297\/"},"modified":"2025-04-30T21:07:10","modified_gmt":"2025-04-30T21:07:10","slug":"benoit-paire-signe-dans-un-club-de-foot-a-marseille","status":"publish","type":"post","link":"https:\/\/www.europesays.com\/fr\/65297\/","title":{"rendered":"Beno\u00eet Paire signe&#8230; dans un club de foot \u00e0 Marseille"},"content":{"rendered":"<p><strong>LE SCAN SPORT<\/strong> &#8211; Comme le rapporte La Provence, le tennisman fran\u00e7ais Beno\u00eet Paire a sign\u00e9 \u00e0 l\u2019EUGA Ardziv, un club de R\u00e9gional 1 \u00e0 Marseille.<\/p>\n<p class=\"fig-paragraph\">Une nouvelle carri\u00e8re\u00a0? Beno\u00eet Paire,\u00a0<a href=\"https:\/\/www.lefigaro.fr\/sports\/tennis\/atp\/classement\" target=\"_blank\" rel=\"noopener\" data-gtm-custom-categorie=\"navigation\" data-gtm-custom-action=\"crossclick\" data-gtm-custom-label=\"Contextuel\" data-gtm-event=\"customEventSPE\">575e mondial au classement ATP<\/a>, a sign\u00e9 dans un club de R\u00e9gional 1 \u00e0 Marseille, l\u2019EUGA Ardziv, comme le rapportent nos confr\u00e8res de La Provence. Apr\u00e8s avoir\u00a0<a href=\"http:\/\/www.lefigaro.fr\/sports\/tennis\/apairo-loin-des-courts-et-proche-de-la-retraite-benoit-paire-cree-sa-propre-marque-de-biere-20250316\" data-fig-type=\"NewsFlash\" data-gtm-custom-categorie=\"navigation\" data-gtm-custom-action=\"crossclick\" data-gtm-custom-label=\"Contextuel\" data-gtm-event=\"customEventSPE\" data-fig-domain=\"LEFIGARO\" target=\"_blank\" rel=\"noopener\">cr\u00e9\u00e9 sa marque de bi\u00e8re<\/a>, annonc\u00e9 qu\u2019il sera consultant lors du prochain Roland-Garros, l\u2019ancien 18e mondial pr\u00e9pare son apr\u00e8s-tennis.<\/p>\n<p class=\"fig-paragraph\">C\u2019est \u00e0 Marseille, proche de sa ville natale d\u2019Aviron, que le tennisman fran\u00e7ais a d\u00e9cid\u00e9 de s\u2019inscrire au football. Ce n\u2019est pas \u00e0 l\u2019Olympique de Marseille, mais bien \u00e0 l\u2019EUGA Ardziv, club de R1, que Beno\u00eet Paire a d\u00e9cid\u00e9 de poser bagage. Il a d\u00e9j\u00e0 disput\u00e9 deux rencontres sous ses nouvelles couleurs. \u00abJ\u2019ai un pote qui joue l\u00e0-bas. Ils avaient besoin de monde pour certains matchs, il m\u2019a propos\u00e9 de venir. Moi, je faisais d\u00e9j\u00e0 des foots avec eux. Alors j\u2019ai dit\u00a0: \u2019\u2019OK, go\u00a0!\u2019\u2019 Et j\u2019ai d\u00e9j\u00e0 fait deux matchs\u00bb, a-t-il confi\u00e9 \u00e0 La Provence.<\/p>\n<p class=\"fig-paragraph\">Le Fran\u00e7ais de 35 ans joue avec les v\u00e9t\u00e9rans. La fin de sa carri\u00e8re approche et le football est une possibilit\u00e9 pour le joueur aux trois titres en simple. \u00abCe qui est s\u00fbr, c\u2019est que d\u00e8s que j\u2019arr\u00eaterai le tennis, je me mettrai au foot. Si c\u2019est \u00e0 Ardziv, tant mieux. Si c\u2019est dans un autre club \u00e0 Marseille, on verra. L\u2019important, c\u2019est de continuer \u00e0 se faire plaisir\u00bb, a affirm\u00e9 au quotidien.<\/p>\n<p class=\"fig-paragraph\">En esp\u00e9rant qu\u2019il r\u00e9ussira \u00e0 garder son calme, comme sur les courts de tennis&#8230;<\/p>\n","protected":false},"excerpt":{"rendered":"LE SCAN SPORT &#8211; Comme le rapporte La Provence, le tennisman fran\u00e7ais Beno\u00eet Paire a sign\u00e9 \u00e0 l\u2019EUGA&hellip;\n","protected":false},"author":2,"featured_media":65298,"comment_status":"","ping_status":"","sticky":false,"template":"","format":"standard","meta":{"footnotes":""},"categories":[2814],"tags":[1111,47,11,4169,16496,525,1981,4178,1777,674,4179,63,1011,27,1114,3996,4977,884,4177,4176,4174,12,4175,882,25,1980,4171,1467,4172,4173,4170],"class_list":{"0":"post-65297","1":"post","2":"type-post","3":"status-publish","4":"format-standard","5":"has-post-thumbnail","7":"category-marseille","8":"tag-actu","9":"tag-actualite","10":"tag-actualites","11":"tag-atp","12":"tag-benoit-paire","13":"tag-calendrier","14":"tag-classement","15":"tag-coupe-davis","16":"tag-eu","17":"tag-europe","18":"tag-fed-cup","19":"tag-football","20":"tag-fr","21":"tag-france","22":"tag-infos","23":"tag-jeux-olympiques","24":"tag-le-scan-sport","25":"tag-marseille","26":"tag-masters-1000","27":"tag-masters-500","28":"tag-masters-series","29":"tag-news","30":"tag-open-daustralie","31":"tag-provence-alpes-cote-dazur","32":"tag-republique-francaise","33":"tag-resultats","34":"tag-roland-garros","35":"tag-tennis","36":"tag-us-open","37":"tag-wimbledon","38":"tag-wta"},"share_on_mastodon":{"url":"https:\/\/pubeurope.com\/@fr\/114428958669233301","error":""},"_links":{"self":[{"href":"https:\/\/www.europesays.com\/fr\/wp-json\/wp\/v2\/posts\/65297","targetHints":{"allow":["GET"]}}],"collection":[{"href":"https:\/\/www.europesays.com\/fr\/wp-json\/wp\/v2\/posts"}],"about":[{"href":"https:\/\/www.europesays.com\/fr\/wp-json\/wp\/v2\/types\/post"}],"author":[{"embeddable":true,"href":"https:\/\/www.europesays.com\/fr\/wp-json\/wp\/v2\/users\/2"}],"replies":[{"embeddable":true,"href":"https:\/\/www.europesays.com\/fr\/wp-json\/wp\/v2\/comments?post=65297"}],"version-history":[{"count":0,"href":"https:\/\/www.europesays.com\/fr\/wp-json\/wp\/v2\/posts\/65297\/revisions"}],"wp:featuredmedia":[{"embeddable":true,"href":"https:\/\/www.europesays.com\/fr\/wp-json\/wp\/v2\/media\/65298"}],"wp:attachment":[{"href":"https:\/\/www.europesays.com\/fr\/wp-json\/wp\/v2\/media?parent=65297"}],"wp:term":[{"taxonomy":"category","embeddable":true,"href":"https:\/\/www.europesays.com\/fr\/wp-json\/wp\/v2\/categories?post=65297"},{"taxonomy":"post_tag","embeddable":true,"href":"https:\/\/www.europesays.com\/fr\/wp-json\/wp\/v2\/tags?post=65297"}],"curies":[{"name":"wp","href":"https:\/\/api.w.org\/{rel}","templated":true}]}}