{"id":652970,"date":"2026-01-10T01:50:18","date_gmt":"2026-01-10T01:50:18","guid":{"rendered":"https:\/\/www.europesays.com\/fr\/652970\/"},"modified":"2026-01-10T01:50:18","modified_gmt":"2026-01-10T01:50:18","slug":"corps-et-paysages-50e-colloque-annuel-international-merleau-ponty-circle-strasbourg","status":"publish","type":"post","link":"https:\/\/www.europesays.com\/fr\/652970\/","title":{"rendered":"Corps et paysage(s). 50e colloque annuel International Merleau-Ponty Circle (Strasbourg)"},"content":{"rendered":"<p>International Merleau-Ponty Circle \u2013 Universit\u00e9 de Strasbourg<\/p>\n<p>Organis\u00e9 par S. Kristensen, B. Thomas et M. Labb\u00e9<\/p>\n<p>ACCRA (UR 3402) \/ CREPhAC (UR 2326)<\/p>\n<p>Appel \u00e0 contributions<\/p>\n<p><strong>Corps et paysage(s)<\/strong><\/p>\n<p>\u00abSi nous pouvons montrer que la chair est une notion derni\u00e8re, qu\u2019elle n\u2019est pas union ou compos\u00e9 de deux substances, mais pensable par elle-m\u00eame, s\u2019il y a un rapport \u00e0 lui-m\u00eame du visible qui me traverse et me constitue en voyant, ce cercle que je ne fais pas, qui me fait, cet enroulement du visible sur le visible, peut traverser, animer d\u2019autres corps aussi bien que le mien, et si j\u2019ai pu comprendre comment en moi na\u00eet cette vague, comment le visible qui est l\u00e0-bas est simultan\u00e9ment mon paysage, \u00e0 plus forte raison puis-je comprendre qu\u2019ailleurs aussi il se referme sur lui-m\u00eame, et qu\u2019il y ait d\u2019autres paysages que le mien.\u00bb (Le visible et l\u2019invisible, 183)<\/p>\n<p>Le colloque 2026 du International Merleau-Ponty Circle sera sp\u00e9cial \u00e0 plusieurs titres\u00a0: il s\u2019agit de la 50e \u00e9dition d\u2019une aventure collective qui a commenc\u00e9 en 1976, et il aura lieu \u00e0 Strasbourg, et il se bilingue fran\u00e7ais et anglais. La th\u00e9matique choisie est celle du rapport entre les corps et les paysages, de leur chiasme, leur solidarit\u00e9 et leurs interd\u00e9pendances.\u00a0<\/p>\n<p>Dans la soci\u00e9t\u00e9 et la culture actuelles, la question de savoir comment s\u2019orienter est particuli\u00e8rement pr\u00e9gnante. L\u2019exp\u00e9rience de se sentir perdu dans le temps et l\u2019espace, de se sentir d\u00e9pays\u00e9, de manquer de liens avec les lieux que nous habitons, de chercher en vain un sentiment d\u2019appartenance, est de plus en plus commune. Il n\u2019est pas \u00e9tonnant que de nombreux artistes aujourd\u2019hui mettent l\u2019accent sur des pratiques situ\u00e9es, qu\u2019ils travaillent selon la conviction qu\u2019une \u0153uvre d\u2019art, quel qu\u2019en soit le medium, doit \u00eatre li\u00e9 \u00e0 un lieu, selon la certitude que l\u2019\u0153uvre est \u00e0 chaque fois diff\u00e9rente selon le lieu o\u00f9 elle se trouve plac\u00e9e. On peut y discerner le soup\u00e7on que le lieu fait partie de l\u2019identit\u00e9 d\u2019un sujet, qu\u2019il soit humain, animal ou non vivant, que tout sujet est forc\u00e9ment le sujet d\u2019un paysage.\u00a0<\/p>\n<p>Le lien entre un sujet et ses paysages peut \u00eatre aussi une cl\u00e9 pour discerner les rapports de domination entre sujets\u00a0: en effet, la domination coloniale implique toujours d\u2019\u00e9craser les paysages des peuples que l\u2019on soumet et d\u2019importer ses propres paysages et les superposer aux territoires conquis, et m\u00eame d\u2019interdire au colonis\u00e9 de faire paysage, en le maintenant l\u2019\u00e9chine courb\u00e9e. Le lien entre corps et paysage peut \u00eatre une cl\u00e9 \u00e9galement pour resituer les humains dans le monde plus qu\u2019humain, au voisinage et en \u00e9change constant avec les autres vivants et les \u00eatres terrestres. La notion paysage vise en ce sens la dimension agissante du milieu et ouvre au discernement du r\u00e9gime des interd\u00e9pendances.\u00a0<\/p>\n<p>L\u2019\u0153uvre philosophique de Maurice Merleau-Ponty offre des pistes de r\u00e9flexion f\u00e9condes \u00e0 propos de la vie en situation, de la corr\u00e9lation entre le corps percevant et le paysage, ou encore de l\u2019interd\u00e9pendance des sujets et de leurs milieux, mais encore des tensions et conflits entre les sujets qui partagent un m\u00eame territoire, chacun \u00e0 sa fa\u00e7on. Parmi les questions suscit\u00e9es\u00a0: quelles diff\u00e9rences entre un paysage \u00ab\u00a0naturel\u00a0\u00bb et un paysage urbain ou industriel\u00a0? Qu&rsquo;est-ce qui fait d\u2019un lieu un paysage et pour qui\u00a0? Ce paysage est-il communicable et sous quels rapports risque-t-il de \u00ab\u00a0se renfermer sur lui-m\u00eame\u00a0\u00bb comme le dit Merleau-Ponty\u00a0? Quelles conceptions de l\u2019appartenance et de l\u2019enracinement se dessinent par l\u00e0\u00a0? Comment les diff\u00e9rents sens concourent \u00e0 un paysage coh\u00e9rent, ou dissonant (paysage visuel, tactile, sonore, etc.)\u00a0?<\/p>\n<p>Ces questions se posent dans l\u2019ensemble des champs de recherche et de cr\u00e9ation qui impliquent des sujets vivants\u00a0: l\u2019art dans tous les domaines, mais aussi les sciences de la vie et de l\u2019environnement, les sciences sociales au voisinage des non-humains, la psychologie, les sciences sociales, parmi d\u2019autres.<\/p>\n<p>\u00a0Le colloque sera accueilli par l\u2019Universit\u00e9 de Strasbourg, \u00e0 travers les deux unit\u00e9s de recherche ACCRA (arts) et CREPhAC (philosophie). Nous attendons la soumission de textes r\u00e9dig\u00e9s (max. 3500 mots) envoy\u00e9s anonymis\u00e9s pour l\u2019\u00e9valuation \u00e0 l\u2019adresse &lt;<a href=\"https:\/\/www.fabula.org\/actualites\/131980\/mailto:IMPC@unistra.fr\" target=\"_blank\" rel=\"noopener\">IMPC@unistra.fr<\/a>&gt;, avant le 1.5.2026.<\/p>\n<p>Selon l\u2019usage, toute proposition relative \u00e0 la pens\u00e9e de Merleau-Ponty, en plus de la th\u00e9matique du colloque, est \u00e9galement la bienvenue. Les r\u00e9ponses concernant la s\u00e9lection des participants sera envoy\u00e9e avant la fin du mois de mai 2026.<\/p>\n<p>Le colloque comprend le prix M. C. Dillon, qui r\u00e9compense le meilleur article par un \u00e9tudiant dipl\u00f4m\u00e9, ainsi que le prix en m\u00e9moire de Ron Morstyn, qui r\u00e9compense un article inter- ou multidisciplinaire r\u00e9dig\u00e9 par un-e chercheur-euse sans poste fixe. Les \u00e9tudiants dipl\u00f4m\u00e9s ayant r\u00e9dig\u00e9 des articles interdisciplinaires peuvent demander que leur article soit pris en consid\u00e9ration pour les deux prix en parall\u00e8le. Si vous souhaitez \u00eatre pris en consid\u00e9ration pour l&rsquo;un ou l&rsquo;autre de ces prix, ou les deux, veuillez l&rsquo;indiquer dans votre message.<\/p>\n<p>Enfin, le colloque aura lien en principe en pr\u00e9sentiel. Pour \u00eatre pris en compte en vue d\u2019une participation \u00e0 distance en raison de probl\u00e8mes d\u2019accessibilit\u00e9 insurmontables (y compris \u00e9conomiques), indiquez-le dans votre message de candidature. Nous vous invitons \u00e9galement \u00e0 nous faire part \u00e0 l\u2019avance de tout besoin particulier en mati\u00e8re d\u2019accessibilit\u00e9.<\/p>\n<p>\u2014<\/p>\n<p>Image: Asger Jorn, The Still of the Eye (1971)<\/p>\n","protected":false},"excerpt":{"rendered":"International Merleau-Ponty Circle \u2013 Universit\u00e9 de Strasbourg Organis\u00e9 par S. Kristensen, B. Thomas et M. Labb\u00e9 ACCRA (UR&hellip;\n","protected":false},"author":2,"featured_media":652971,"comment_status":"","ping_status":"","sticky":false,"template":"","format":"standard","meta":{"footnotes":""},"categories":[2820],"tags":[1111,11,1777,674,1011,27,775,12,25,640],"class_list":{"0":"post-652970","1":"post","2":"type-post","3":"status-publish","4":"format-standard","5":"has-post-thumbnail","7":"category-strasbourg","8":"tag-actu","9":"tag-actualites","10":"tag-eu","11":"tag-europe","12":"tag-fr","13":"tag-france","14":"tag-grand-est","15":"tag-news","16":"tag-republique-francaise","17":"tag-strasbourg"},"share_on_mastodon":{"url":"https:\/\/pubeurope.com\/@fr\/115868298293304289","error":""},"_links":{"self":[{"href":"https:\/\/www.europesays.com\/fr\/wp-json\/wp\/v2\/posts\/652970","targetHints":{"allow":["GET"]}}],"collection":[{"href":"https:\/\/www.europesays.com\/fr\/wp-json\/wp\/v2\/posts"}],"about":[{"href":"https:\/\/www.europesays.com\/fr\/wp-json\/wp\/v2\/types\/post"}],"author":[{"embeddable":true,"href":"https:\/\/www.europesays.com\/fr\/wp-json\/wp\/v2\/users\/2"}],"replies":[{"embeddable":true,"href":"https:\/\/www.europesays.com\/fr\/wp-json\/wp\/v2\/comments?post=652970"}],"version-history":[{"count":0,"href":"https:\/\/www.europesays.com\/fr\/wp-json\/wp\/v2\/posts\/652970\/revisions"}],"wp:featuredmedia":[{"embeddable":true,"href":"https:\/\/www.europesays.com\/fr\/wp-json\/wp\/v2\/media\/652971"}],"wp:attachment":[{"href":"https:\/\/www.europesays.com\/fr\/wp-json\/wp\/v2\/media?parent=652970"}],"wp:term":[{"taxonomy":"category","embeddable":true,"href":"https:\/\/www.europesays.com\/fr\/wp-json\/wp\/v2\/categories?post=652970"},{"taxonomy":"post_tag","embeddable":true,"href":"https:\/\/www.europesays.com\/fr\/wp-json\/wp\/v2\/tags?post=652970"}],"curies":[{"name":"wp","href":"https:\/\/api.w.org\/{rel}","templated":true}]}}