{"id":652982,"date":"2026-01-10T01:57:14","date_gmt":"2026-01-10T01:57:14","guid":{"rendered":"https:\/\/www.europesays.com\/fr\/652982\/"},"modified":"2026-01-10T01:57:14","modified_gmt":"2026-01-10T01:57:14","slug":"toulouse-sceno-nouveau-festival-du-theatre-garonne-dedie-a-la-scenographie-en-janvier","status":"publish","type":"post","link":"https:\/\/www.europesays.com\/fr\/652982\/","title":{"rendered":"Toulouse | SC\u00c9NO, nouveau festival du th\u00e9\u00e2tre Garonne d\u00e9di\u00e9 \u00e0 la sc\u00e9nographie, en janvier"},"content":{"rendered":"<p>\t\t\t\tDu 15 au 31 janvier, le th\u00e9\u00e2tre Garonne \u00e0 Toulouse inaugure SC\u00c9NO, un nouveau festival consacr\u00e9 \u00e0 la sc\u00e9nographie, qui explore la mani\u00e8re dont le d\u00e9cor, l\u2019espace et la lumi\u00e8re deviennent des forces cr\u00e9atives \u00e0 part enti\u00e8re.<\/p>\n<p style=\"text-align: justify;\" data-start=\"547\" data-end=\"1006\">Pour cette premi\u00e8re \u00e9dition, SC\u00c9NO r\u00e9unit des artistes qui font de l\u2019espace un v\u00e9ritable moteur de cr\u00e9ation. Le parcours s\u2019ouvre avec Das Was Ist d\u2019Ulla von Brandenburg, une installation immersive compos\u00e9e de grandes toiles color\u00e9es perc\u00e9es d\u2019ouvertures, que le public traverse physiquement avant de d\u00e9couvrir un film projet\u00e9 au c\u0153ur du dispositif. Pr\u00e9sent\u00e9e dans les ateliers m\u00eames du th\u00e9\u00e2tre, l\u2019\u0153uvre propose une exp\u00e9rience entre arts plastiques et sc\u00e8ne.<\/p>\n<p style=\"text-align: justify;\" data-start=\"1008\" data-end=\"1360\">Le festival accueille ensuite THIS &amp; THAT de Phil Soltanoff et Steven Wendt, un th\u00e9\u00e2tre d\u2019ombres et de vid\u00e9o en temps r\u00e9el o\u00f9 des galaxies, des paysages et des figures humaines naissent de gestes, de lumi\u00e8res et de vieilles cam\u00e9ras manipul\u00e9es \u00e0 vue. Entre art rupestre et technologies obsol\u00e8tes, le spectacle fait surgir un monde po\u00e9tique et ludique.<\/p>\n<p style=\"text-align: justify;\" data-start=\"1362\" data-end=\"1683\">Avec Le Paradoxe de John, Philippe Quesne revient sur l\u2019univers de L\u2019Effet de Serge pour imaginer une nouvelle communaut\u00e9 de personnages, occup\u00e9s \u00e0 am\u00e9nager une galerie d\u2019art. Le d\u00e9cor devient ici le lieu m\u00eame de la fiction, r\u00e9v\u00e9lant une r\u00e9flexion tendre et m\u00e9lancolique sur la place de l\u2019art dans la vie quotidienne.<\/p>\n<p style=\"text-align: justify;\" data-start=\"1685\" data-end=\"2050\">Le temps fort se prolonge avec aSH d\u2019Aur\u00e9lien Bory et Shantala Shivalingappa, o\u00f9 la danse dialogue avec une sc\u00e9nographie en perp\u00e9tuelle transformation, inspir\u00e9e de la g\u00e9om\u00e9trie cach\u00e9e du cosmos. Enfin, After All Springville de Miet Warlop met en sc\u00e8ne un univers d\u2019objets anim\u00e9s, \u00e0 la fois burlesque et inqui\u00e9tant, o\u00f9 le d\u00e9cor semble prendre vie et se d\u00e9r\u00e9gler.<\/p>\n<p style=\"text-align: justify;\" data-start=\"2052\" data-end=\"2246\">Rencontres, dialogues d\u2019artistes et quarts d\u2019heure sc\u00e9nographiques viennent compl\u00e9ter ce panorama, faisant de SC\u00c9NO un nouveau rendez-vous majeur pour penser la sc\u00e8ne comme un espace \u00e0 inventer.<\/p>\n<p style=\"text-align: justify;\" data-start=\"2052\" data-end=\"2246\"><strong>Plus d\u2019infos :<\/strong> <a href=\"https:\/\/www.theatregaronne.com\/\" target=\"_blank\" rel=\"noopener\">theatregaronne.com<\/a><\/p>\n<p style=\"text-align: justify;\" data-start=\"2052\" data-end=\"2246\">Photo : After all Springville \u2013 \u00a9 Reinout Hiel<\/p>\n","protected":false},"excerpt":{"rendered":"Du 15 au 31 janvier, le th\u00e9\u00e2tre Garonne \u00e0 Toulouse inaugure SC\u00c9NO, un nouveau festival consacr\u00e9 \u00e0 la&hellip;\n","protected":false},"author":2,"featured_media":652983,"comment_status":"","ping_status":"","sticky":false,"template":"","format":"standard","meta":{"footnotes":""},"categories":[2816],"tags":[1111,11,1777,674,1011,27,12,2680,25,2312],"class_list":{"0":"post-652982","1":"post","2":"type-post","3":"status-publish","4":"format-standard","5":"has-post-thumbnail","7":"category-toulouse","8":"tag-actu","9":"tag-actualites","10":"tag-eu","11":"tag-europe","12":"tag-fr","13":"tag-france","14":"tag-news","15":"tag-occitanie","16":"tag-republique-francaise","17":"tag-toulouse"},"share_on_mastodon":{"url":"https:\/\/pubeurope.com\/@fr\/115868325929036242","error":""},"_links":{"self":[{"href":"https:\/\/www.europesays.com\/fr\/wp-json\/wp\/v2\/posts\/652982","targetHints":{"allow":["GET"]}}],"collection":[{"href":"https:\/\/www.europesays.com\/fr\/wp-json\/wp\/v2\/posts"}],"about":[{"href":"https:\/\/www.europesays.com\/fr\/wp-json\/wp\/v2\/types\/post"}],"author":[{"embeddable":true,"href":"https:\/\/www.europesays.com\/fr\/wp-json\/wp\/v2\/users\/2"}],"replies":[{"embeddable":true,"href":"https:\/\/www.europesays.com\/fr\/wp-json\/wp\/v2\/comments?post=652982"}],"version-history":[{"count":0,"href":"https:\/\/www.europesays.com\/fr\/wp-json\/wp\/v2\/posts\/652982\/revisions"}],"wp:featuredmedia":[{"embeddable":true,"href":"https:\/\/www.europesays.com\/fr\/wp-json\/wp\/v2\/media\/652983"}],"wp:attachment":[{"href":"https:\/\/www.europesays.com\/fr\/wp-json\/wp\/v2\/media?parent=652982"}],"wp:term":[{"taxonomy":"category","embeddable":true,"href":"https:\/\/www.europesays.com\/fr\/wp-json\/wp\/v2\/categories?post=652982"},{"taxonomy":"post_tag","embeddable":true,"href":"https:\/\/www.europesays.com\/fr\/wp-json\/wp\/v2\/tags?post=652982"}],"curies":[{"name":"wp","href":"https:\/\/api.w.org\/{rel}","templated":true}]}}