{"id":652984,"date":"2026-01-10T01:58:14","date_gmt":"2026-01-10T01:58:14","guid":{"rendered":"https:\/\/www.europesays.com\/fr\/652984\/"},"modified":"2026-01-10T01:58:14","modified_gmt":"2026-01-10T01:58:14","slug":"il-faut-que-tu-te-battes-temoigne-le-papa-de-pauline","status":"publish","type":"post","link":"https:\/\/www.europesays.com\/fr\/652984\/","title":{"rendered":"il faut que tu te battes\u00a0\u00bb, t\u00e9moigne le papa de Pauline"},"content":{"rendered":"<p>                    Par<br \/>\n        <strong><br \/>\n            <a href=\"https:\/\/actu.fr\/auteur\/guillaume-laurens\" title=\"Consulter tous les articles de Guillaume Laurens\" target=\"_blank\" rel=\"noopener\">Guillaume Laurens<\/a><br \/>\n                    <\/strong><\/p>\n<p>        Publi\u00e9 le<\/p>\n<p>            9 janv. 2026 \u00e0 18h56        <\/p>\n<p>Voil\u00e0 plus d\u2019une semaine qu\u2019elle lutte pour sa vie. <strong>Pauline Peressini<\/strong>, 26\u00a0ans, est l\u2019une des <a href=\"https:\/\/actu.fr\/occitanie\/toulouse_31555\/deux-jeunes-femmes-de-toulouse-victimes-de-l-incendie-de-crans-montana-l-une-dans-le-coma-l-autre-disparue_63644837.html\" target=\"_blank\" rel=\"noopener\">nombreuses victimes du terrible incendie de Crans-Montana<\/a>, qui a fait 40 morts et 116 bless\u00e9s. Avec sa meilleure amie No\u00e9mie Dabin, \u00e9galement originaire de Toulouse <a href=\"https:\/\/actu.fr\/occitanie\/toulouse_31555\/noemie-dabin-toulousaine-de-26-ans-victime-de-l-incendie-de-crans-montana-est-decedee_63649458.html\" target=\"_blank\" rel=\"noopener\">et qui n\u2019a malheureusement pas surv\u00e9cu au drame<\/a>, la jeune femme s\u2019\u00e9tait rendue dans <a href=\"https:\/\/actu.fr\/monde\/incendie-de-crans-montana-jacques-moretti-le-gerant-du-bar-place-en-detention-sa-femme-laissee-libre_63677723.html\" target=\"_blank\" rel=\"noopener\">le bar Le Constellation,<\/a> au sein de cette station de ski des Alpes suisses, pour f\u00eater le passage \u00e0 la nouvelle ann\u00e9e, quand le drame est arriv\u00e9. <strong>Gri\u00e8vement bless\u00e9e<\/strong>, Pauline a \u00e9t\u00e9 admise au centre pour grands br\u00fbl\u00e9s de l\u2019h\u00f4pital de Zurich, o\u00f9 elle a \u00e9t\u00e9 plong\u00e9e dans le coma. Alors que sa famille b\u00e9n\u00e9ficie d\u2019un bel \u00e9lan de soutien dans la Ville rose, Laurent, son papa, se confie \u00e0 Actu Toulouse sur cette \u00e9preuve et leur combat.<\/p>\n<p>\u00ab\u2009Garder le moral\u2009\u00bb, tant bien que mal<\/p>\n<p class=\" wall-content\">\u00ab\u2009Il faut garder le moral\u2009\u00bb. C\u2019est ainsi que Laurent Peressini s\u2019\u00e9vertue \u00e0 rester debout depuis cette nuit du Nouvel An, o\u00f9 la Terre s\u2019est d\u00e9rob\u00e9e sous ses pieds. Pour la deuxi\u00e8me fois de la semaine, il est reparti ce vendredi en Suisse au chevet de sa fille. Avec sa compagne et les deux s\u0153urs de la jeune Toulousaine, ils ont fait <strong>dix heures de route<\/strong> avant de retrouver leur Pauline ador\u00e9e.<\/p>\n<p class=\" wall-content\"><strong>Salari\u00e9e d\u2019une boutique <\/strong>locale depuis mars dernier, Pauline vit d\u00e9sormais dans cette station de ski, avec son conjoint qui travaille au casino de la ville\u2009: \u00ab\u2009Il bossait ce soir-l\u00e0 et devait la rejoindre apr\u00e8s\u2026\u2009\u00bb raconte Laurent Peressini. Au lendemain de l\u2019incendie, ils ont, comme beaucoup de proches des victimes, lanc\u00e9 des avis de recherche sur les r\u00e9seaux sociaux pour retrouver la trace de Pauline, avant d\u2019\u00eatre \u00ab\u2009appel\u00e9 \u00e0 une heure du matin\u2009\u00bb le vendredi 2\u00a0janvier par la police suisse\u2009: \u00ab\u2009Ils m\u2019ont annonc\u00e9 qu\u2019elle \u00e9tait vivante et \u00e0 Zurich\u2009\u00bb.<\/p>\n<p>\u00ab\u2009Son pronostic vital est toujours engag\u00e9\u2009\u00bb<\/p>\n<p class=\" wall-content\">\u00ab\u2009Pauline a \u00e9t\u00e9 admise dans le plus grand h\u00f4pital du pays, \u00e0 Zurich, o\u00f9 ils ont envoy\u00e9 les plus grands br\u00fbl\u00e9s\u2009\u00bb, t\u00e9moigne Laurent Peressini. Comment va-t-elle, plus d\u2019une semaine apr\u00e8s les faits\u2009? Ce vendredi 9 janvier au soir, elle est \u00ab\u2009toujours dans un \u00e9tat critique\u2009\u00bb et \u00ab\u2009son <strong>pronostic vital<\/strong> est toujours engag\u00e9\u2009\u00bb, t\u00e9moigne son papa.<\/p>\n<blockquote class=\"ac-article-quote wall-content\">\n<p>Son \u00e9tat est stable, elle a des br\u00fblures un petit peu partout. On sait les endroits o\u00f9 il va falloir des greffes, car elle est br\u00fbl\u00e9e \u00e0 plus de 60 % du corps.<\/p>\n<p>    <strong>Laurent Peressini\u00a0<\/strong><br \/>\n        Papa de Pauline    <\/p><\/blockquote>\n<p class=\" wall-content\">Pauline a d\u00e9j\u00e0 subi <strong>plusieurs op\u00e9rations<\/strong>, dont une ce vendredi. Et \u00e0 chaque fois, \u00ab\u2009les soignants sont tr\u00e8s professionnels\u2009: \u00e0 la veille de chaque op\u00e9ration, l\u2019anesth\u00e9siste puis le chirurgien m\u2019appellent pour me demander les autorisations, notamment pour les transfusions\u2009\u00bb.<\/p>\n<p>\u00ab\u2009Ils la r\u00e9veillent un peu tous les jours\u2009\u00bb<\/p>\n<p class=\" wall-content\">Pauline est dans <strong>le coma artificiel<\/strong>, \u00ab\u2009mais ils la r\u00e9veillent un peu tous les jours pour qu\u2019elle puisse r\u00e9agir\u2009\u00bb, poursuit-il. \u00ab\u2009Et surtout, on lui parle\u2009\u00bb.<\/p>\n<blockquote class=\"ac-article-quote wall-content\">\n<p>Elle ouvre les yeux, on ne sait pas trop si elle nous voit, mais elle nous entend. Alors on lui pose des questions simples, elle nous fait signe de la t\u00eate par oui ou par non, parce qu\u2019elle ne peut pas parler.<\/p>\n<p>    <strong>Laurent Peressini<\/strong>\n            <\/p><\/blockquote>\n<p>Votre r\u00e9gion, votre actu !<\/p>\n<p>Recevez chaque jour les infos qui comptent pour vous.<\/p>\n<p>\t<a href=\"https:\/\/actu.fr\/newsletter\" class=\"ac-btn ac-btn--corner ac-btn--medium ac-btn--blue800\" target=\"_blank\" rel=\"noopener\">S&rsquo;incrire<\/a><\/p>\n<p class=\" wall-content\">\u00c0 ses c\u00f4t\u00e9s, Laurent s\u2019efforce de <strong>sourire, positiver<\/strong>\u2026 Tout faire pour la raccrocher \u00e0 la vie\u2009: \u00ab\u2009On lui a dit \u2018il faut que tu te battes\u2019, elle nous a fait signe que oui\u2009\u00bb.<\/p>\n<p>Le d\u00e9c\u00e8s de No\u00e9mie\u2009? \u00ab\u2009Ne pas le lui dire\u2009\u00bb, pour \u00ab\u2009qu\u2019elle se batte\u2009\u00bb<\/p>\n<p class=\" wall-content\">Pauline a-t-elle connaissance et conscience de ce qu\u2019elle a subi\u2009? \u00ab\u2009M\u00eame les m\u00e9decins ne savent pas si elle se rend compte de son \u00e9tat\u2009\u00bb, soupire son p\u00e8re. Pour l\u2019heure, Laurent s\u2019est efforc\u00e9 d\u2019informer sa fille de la situation, tout en la pr\u00e9servant tant que faire se peut\u2009: \u00ab\u2009Je lui ai expliqu\u00e9 qu\u2019elle \u00e9tait \u00e0 l\u2019h\u00f4pital suite \u00e0 l\u2019accident, sans la pr\u00e9venir de son physique\u2009\u00bb.<\/p>\n<p class=\" wall-content\">Pour l\u2019\u00e9pargner, ils ne l\u2019ont pas inform\u00e9e non plus du d\u00e9c\u00e8s de sa meilleure amie No\u00e9mie, dont les obs\u00e8ques seront prochainement c\u00e9l\u00e9br\u00e9es dans l\u2019intimit\u00e9. \u00ab\u2009On va y assister\u2009\u00bb, glisse Laurent, qui va faire un nouvel aller-retour entre Zurich et Toulouse pour l\u2019occasion. \u00ab\u2009Mais on pr\u00e9f\u00e8re ne pas le lui dire, pour \u00e9viter que \u00e7a lui fasse un choc suppl\u00e9mentaire\u2026 <strong>Car je veux qu\u2019elle se batte\u2009\u00bb.<\/strong><\/p>\n<p class=\" wall-content\"><strong>Cagnotte, don de jours de repos\u2009: un grand \u00e9lan de soutien<\/strong><\/p>\n<p class=\" wall-content\">Dans cette \u00e9preuve, la famille Peressini peut compter sur une vague de soutien dans la Ville rose, o\u00f9 la situation des ins\u00e9parables amies a fortement \u00e9mu. \u00ab\u2009Je suis tr\u00e8s \u00e9paul\u00e9\u2009\u00bb, admet son p\u00e8re. \u00ab\u2009Le cabinet du maire de Toulouse m\u2019a t\u00e9l\u00e9phon\u00e9, le minist\u00e8re des Affaires \u00e9trang\u00e8res aussi, tout comme les consuls de Zurich et de Gen\u00e8ve\u2009\u00bb. Outre \u00ab\u2009de tr\u00e8s nombreux messages et appels\u2009\u00bb bienveillants, les Peressini ont \u00ab\u2009re\u00e7u \u00e9norm\u00e9ment de soutien par la cagnotte\u2009\u00bb lanc\u00e9e sur <a href=\"https:\/\/www.leetchi.com\/fr\/c\/soutien-a-pauline-blessee-a-crans-montana-5994232\" target=\"_blank\" rel=\"noopener\">Leetchi<\/a> par un coll\u00e8gue de travail de Laurent, <strong>conducteur de tramway<\/strong> \u00e0 Toulouse. Plus de<strong> 18\u2009000\u00a0euros<\/strong> avaient \u00e9t\u00e9 r\u00e9colt\u00e9s ce vendredi. \u00ab\u2009Cela va d\u00e9j\u00e0 nous servir \u00e0 payer les trajets et les frais \u00e0 Zurich, o\u00f9 la vie est tr\u00e8s ch\u00e8re\u2009\u00bb.<\/p>\n<p class=\" wall-content\">Le combat de Laurent et ses proches trouve aussi de l\u2019\u00e9cho chez Tiss\u00e9o\u2009: \u00ab\u2009Au travail, ils sont \u00e0 mes c\u00f4t\u00e9s. La direction a mis en place ce qu\u2019elle pouvait, et lanc\u00e9 un <strong>appel aux dons des jours de repos,<\/strong> pour que je puisse \u00eatre aupr\u00e8s de ma fille\u2009\u00bb.<\/p>\n<p class=\" wall-content\">Pauline peut-elle \u00eatre transf\u00e9r\u00e9e \u00e0 Toulouse\u2009? Et \u00e0 quel horizon\u2009? \u00ab\u2009On vit cela au jour le jour. Pour l\u2019instant, elle n\u2019a pas transportable\u2009\u00bb, souffle Laurent Peressini. \u00ab\u2009Mais la priorit\u00e9, c\u2019est qu\u2019elle ne soit plus en \u00e9tat critique\u2009\u00bb. Et de conclure\u2009: \u00ab\u2009Ce sera d\u00e9j\u00e0 une premi\u00e8re victoire\u2009\u00bb.<\/p>\n<p class=\" wall-content\">Personnalisez votre actualit\u00e9 en ajoutant vos villes et m\u00e9dias en favori avec <a href=\"https:\/\/moncompte.actu.fr\" title=\"D\u00e9couvez Mon Actu\" rel=\"nofollow noopener\" data-trk=\"{&quot;cta&quot;:{&quot;action&quot;:&quot;https:\\\/\\\/moncompte.actu.fr&quot;,&quot;category&quot;:&quot;mon compte&quot;,&quot;from&quot;:&quot;article footer&quot;,&quot;name&quot;:&quot;Mon actu&quot;,&quot;type&quot;:&quot;cta&quot;}}\" target=\"_blank\">Mon Actu<\/a>.<\/p>\n","protected":false},"excerpt":{"rendered":"Par Guillaume Laurens Publi\u00e9 le 9 janv. 2026 \u00e0 18h56 Voil\u00e0 plus d\u2019une semaine qu\u2019elle lutte pour sa&hellip;\n","protected":false},"author":2,"featured_media":652985,"comment_status":"","ping_status":"","sticky":false,"template":"","format":"standard","meta":{"footnotes":""},"categories":[2816],"tags":[1111,11,1777,674,1011,27,1310,12,2680,25,104,240,2312],"class_list":{"0":"post-652984","1":"post","2":"type-post","3":"status-publish","4":"format-standard","5":"has-post-thumbnail","7":"category-toulouse","8":"tag-actu","9":"tag-actualites","10":"tag-eu","11":"tag-europe","12":"tag-fr","13":"tag-france","14":"tag-incendie","15":"tag-news","16":"tag-occitanie","17":"tag-republique-francaise","18":"tag-societe","19":"tag-temoignage","20":"tag-toulouse"},"share_on_mastodon":{"url":"https:\/\/pubeurope.com\/@fr\/115868329752046968","error":""},"_links":{"self":[{"href":"https:\/\/www.europesays.com\/fr\/wp-json\/wp\/v2\/posts\/652984","targetHints":{"allow":["GET"]}}],"collection":[{"href":"https:\/\/www.europesays.com\/fr\/wp-json\/wp\/v2\/posts"}],"about":[{"href":"https:\/\/www.europesays.com\/fr\/wp-json\/wp\/v2\/types\/post"}],"author":[{"embeddable":true,"href":"https:\/\/www.europesays.com\/fr\/wp-json\/wp\/v2\/users\/2"}],"replies":[{"embeddable":true,"href":"https:\/\/www.europesays.com\/fr\/wp-json\/wp\/v2\/comments?post=652984"}],"version-history":[{"count":0,"href":"https:\/\/www.europesays.com\/fr\/wp-json\/wp\/v2\/posts\/652984\/revisions"}],"wp:featuredmedia":[{"embeddable":true,"href":"https:\/\/www.europesays.com\/fr\/wp-json\/wp\/v2\/media\/652985"}],"wp:attachment":[{"href":"https:\/\/www.europesays.com\/fr\/wp-json\/wp\/v2\/media?parent=652984"}],"wp:term":[{"taxonomy":"category","embeddable":true,"href":"https:\/\/www.europesays.com\/fr\/wp-json\/wp\/v2\/categories?post=652984"},{"taxonomy":"post_tag","embeddable":true,"href":"https:\/\/www.europesays.com\/fr\/wp-json\/wp\/v2\/tags?post=652984"}],"curies":[{"name":"wp","href":"https:\/\/api.w.org\/{rel}","templated":true}]}}