{"id":653001,"date":"2026-01-10T02:09:12","date_gmt":"2026-01-10T02:09:12","guid":{"rendered":"https:\/\/www.europesays.com\/fr\/653001\/"},"modified":"2026-01-10T02:09:12","modified_gmt":"2026-01-10T02:09:12","slug":"a-paris-le-boom-des-cafes-kids-friendly-refuge-des-jeunes-parents-cest-beaucoup-moins-stressant","status":"publish","type":"post","link":"https:\/\/www.europesays.com\/fr\/653001\/","title":{"rendered":"\u00c0 Paris, le boom des caf\u00e9s \u00ab\u00a0kids friendly\u00a0\u00bb, refuge des jeunes parents\u00a0: \u00ab\u00a0C\u2019est beaucoup moins stressant\u00a0\u00bb"},"content":{"rendered":"<p class=\"paragraph text_align_left lp-f-body-02\">Sur une petite table basse, un circuit de train a \u00e9t\u00e9 install\u00e9, quelques bambins tentent de faire passer une locomotive sous un tunnel en bois. \u00c0 c\u00f4t\u00e9, toujours dans l\u2019aire de jeu, trois jeunes enfants louchent sur la m\u00eame petite poussette, une poup\u00e9e assise \u00e0 l\u2019int\u00e9rieur, un conflit ouvert se pr\u00e9pare. \u00c0 table, des parents boivent un caf\u00e9, un th\u00e9 ou un matcha latte, d\u00e9gustent un cookie. Certains en profitent pour discuter tranquillement, l\u2019une envoie m\u00eame un mail, son ordinateur ouvert devant elle.<\/p>\n<p class=\"\">\u00c0 \u00d4tipi Breteuil <a href=\"https:\/\/www.leparisien.fr\/paris-75\/paris-75015\/\" target=\"_blank\" rel=\"noreferrer noopener\">(XVe)<\/a>, tout a \u00e9t\u00e9 pens\u00e9 pour accueillir les familles. Il y a donc le coin caf\u00e9, un espace de jeux pour les enfants, mais \u00e9galement des toilettes avec une table \u00e0 langer. Les poussettes sont rang\u00e9es dans un coin, pr\u00e8s du comptoir, sans que cela ne d\u00e9range personne.<\/p>\n","protected":false},"excerpt":{"rendered":"Sur une petite table basse, un circuit de train a \u00e9t\u00e9 install\u00e9, quelques bambins tentent de faire passer&hellip;\n","protected":false},"author":2,"featured_media":653002,"comment_status":"","ping_status":"","sticky":false,"template":"","format":"standard","meta":{"footnotes":""},"categories":[1888],"tags":[11,872,1777,674,1011,27,1944,12,626,25],"class_list":{"0":"post-653001","1":"post","2":"type-post","3":"status-publish","4":"format-standard","5":"has-post-thumbnail","7":"category-paris","8":"tag-actualites","9":"tag-culture-et-loisirs","10":"tag-eu","11":"tag-europe","12":"tag-fr","13":"tag-france","14":"tag-ma-ville","15":"tag-news","16":"tag-paris","17":"tag-republique-francaise"},"share_on_mastodon":{"url":"https:\/\/pubeurope.com\/@fr\/115868373260457907","error":""},"_links":{"self":[{"href":"https:\/\/www.europesays.com\/fr\/wp-json\/wp\/v2\/posts\/653001","targetHints":{"allow":["GET"]}}],"collection":[{"href":"https:\/\/www.europesays.com\/fr\/wp-json\/wp\/v2\/posts"}],"about":[{"href":"https:\/\/www.europesays.com\/fr\/wp-json\/wp\/v2\/types\/post"}],"author":[{"embeddable":true,"href":"https:\/\/www.europesays.com\/fr\/wp-json\/wp\/v2\/users\/2"}],"replies":[{"embeddable":true,"href":"https:\/\/www.europesays.com\/fr\/wp-json\/wp\/v2\/comments?post=653001"}],"version-history":[{"count":0,"href":"https:\/\/www.europesays.com\/fr\/wp-json\/wp\/v2\/posts\/653001\/revisions"}],"wp:featuredmedia":[{"embeddable":true,"href":"https:\/\/www.europesays.com\/fr\/wp-json\/wp\/v2\/media\/653002"}],"wp:attachment":[{"href":"https:\/\/www.europesays.com\/fr\/wp-json\/wp\/v2\/media?parent=653001"}],"wp:term":[{"taxonomy":"category","embeddable":true,"href":"https:\/\/www.europesays.com\/fr\/wp-json\/wp\/v2\/categories?post=653001"},{"taxonomy":"post_tag","embeddable":true,"href":"https:\/\/www.europesays.com\/fr\/wp-json\/wp\/v2\/tags?post=653001"}],"curies":[{"name":"wp","href":"https:\/\/api.w.org\/{rel}","templated":true}]}}