{"id":653006,"date":"2026-01-10T02:12:11","date_gmt":"2026-01-10T02:12:11","guid":{"rendered":"https:\/\/www.europesays.com\/fr\/653006\/"},"modified":"2026-01-10T02:12:11","modified_gmt":"2026-01-10T02:12:11","slug":"la-moitie-de-kiev-privee-de-chauffage-le-maire-appelle-a-quitter-la-capitale","status":"publish","type":"post","link":"https:\/\/www.europesays.com\/fr\/653006\/","title":{"rendered":"La moiti\u00e9 de Kiev priv\u00e9e de chauffage, le maire appelle \u00e0 quitter la capitale"},"content":{"rendered":"<p>De nouvelles frappes <a href=\"https:\/\/www.20minutes.fr\/dossier\/russe\" target=\"_blank\" class=\"c-link c-link--is-underlined\" rel=\"noopener\">russes<\/a> massives ont touch\u00e9 l\u2019<a href=\"https:\/\/www.20minutes.fr\/monde\/ukraine\/\" target=\"_blank\" class=\"c-link c-link--is-underlined\" rel=\"noopener\">Ukraine<\/a> dans la nuit de jeudi \u00e0 vendredi, faisant au moins quatre morts et provoquant une crise \u00e9nerg\u00e9tique majeure \u00e0 Kiev. Selon les autorit\u00e9s locales, pr\u00e8s de la moiti\u00e9 des immeubles r\u00e9sidentiels de la capitale sont priv\u00e9s de chauffage en pleine vague de <a href=\"https:\/\/www.20minutes.fr\/dossier\/froid\" target=\"_blank\" class=\"c-link c-link--is-underlined\" rel=\"noopener\">froid<\/a>. Face \u00e0 la situation, le maire de <a href=\"https:\/\/www.20minutes.fr\/dossier\/kiev\" target=\"_blank\" class=\"c-link c-link--is-underlined\" rel=\"noopener\">Kiev<\/a>, Vitali Klitschko, a appel\u00e9 les habitants qui le peuvent \u00e0 quitter \u00ab\u00a0temporairement\u00a0\u00bb la ville.<\/p>\n<p>Ces <a href=\"https:\/\/www.20minutes.fr\/monde\/bombardement\/\" target=\"_blank\" class=\"c-link c-link--is-underlined\" rel=\"noopener\">bombardements<\/a> ont \u00e9galement marqu\u00e9 une escalade militaire avec l\u2019utilisation, pour la deuxi\u00e8me fois depuis f\u00e9vrier\u00a02022, du missile balistique russe de nouvelle g\u00e9n\u00e9ration Orechnik. Capable d\u2019emporter des ogives nucl\u00e9aires et d\u2019atteindre une vitesse estim\u00e9e \u00e0 13.000 km\/h, cet engin a notamment \u00e9t\u00e9 utilis\u00e9 dans l\u2019ouest du pays. L\u2019<a href=\"https:\/\/www.20minutes.fr\/dossier\/ue\" target=\"_blank\" class=\"c-link c-link--is-underlined\" rel=\"noopener\">Union europ\u00e9enne<\/a> ainsi que Paris, Berlin et Londres ont d\u00e9nonc\u00e9 une \u00ab\u00a0escalade\u00a0\u00bb de Moscou, tandis que le ministre ukrainien des Affaires \u00e9trang\u00e8res, Andri\u00ef Sybiga, a qualifi\u00e9 cette attaque pr\u00e8s de la fronti\u00e8re de l\u2019UE et de l\u2019<a href=\"https:\/\/www.20minutes.fr\/monde\/otan\/\" target=\"_blank\" class=\"c-link c-link--is-underlined\" rel=\"noopener\">Otan<\/a> de \u00ab\u00a0test pour l\u2019alliance transatlantique\u00a0\u00bb.<\/p>\n<\/p>\n<p>Plus de 400.000 foyers priv\u00e9s de chauffage<\/p>\n<p>A Kiev, l\u2019attaque a touch\u00e9 une quarantaine de sites, faisant 26 bless\u00e9s en plus des quatre morts recens\u00e9s par le parquet. L\u2019op\u00e9rateur \u00e9nerg\u00e9tique priv\u00e9 DTEK indique que 417.000 foyers ont \u00e9t\u00e9 priv\u00e9s de chauffage, alors que les temp\u00e9ratures oscillaient entre \u2013 7 \u00b0C et \u2013 12 \u00b0C. Le pr\u00e9sident ukrainien <a href=\"https:\/\/www.20minutes.fr\/monde\/volodymyr-zelensky\/\" target=\"_blank\" class=\"c-link c-link--is-underlined\" rel=\"noopener\">Volodymyr Zelensky<\/a> a appel\u00e9 \u00e0 une \u00ab\u00a0r\u00e9action claire\u00a0\u00bb de la communaut\u00e9 internationale. Le secr\u00e9taire g\u00e9n\u00e9ral de l\u2019<a href=\"https:\/\/www.20minutes.fr\/monde\/onu\/\" target=\"_blank\" class=\"c-link c-link--is-underlined\" rel=\"noopener\">ONU<\/a>, <a href=\"https:\/\/www.20minutes.fr\/monde\/antonio-guterres\/\" target=\"_blank\" class=\"c-link c-link--is-underlined\" rel=\"noopener\">Antonio Guterres<\/a>, a pour sa part condamn\u00e9 ces frappes, rappelant que \u00ab\u00a0les attaques contre des civils et des infrastructures civiles violent le droit international humanitaire\u00a0\u00bb.<\/p>\n<p><a href=\"https:\/\/www.20minutes.fr\/monde\/ukraine\/\" target=\"_blank\" class=\"c-link c-btn c-btn--primary\" rel=\"noopener\">Notre dossier sur la guerre en Ukraine<\/a><\/p>\n<p><a href=\"https:\/\/www.20minutes.fr\/monde\/moscou\/\" target=\"_blank\" class=\"c-link c-link--is-underlined\" rel=\"noopener\">Moscou<\/a> affirme avoir vis\u00e9 des \u00ab\u00a0cibles strat\u00e9giques\u00a0\u00bb et pr\u00e9sente ces frappes comme une riposte \u00e0 une suppos\u00e9e tentative ukrainienne visant une r\u00e9sidence de <a href=\"https:\/\/www.20minutes.fr\/monde\/vladimir_poutine\/\" target=\"_blank\" class=\"c-link c-link--is-underlined\" rel=\"noopener\">Vladimir Poutine<\/a>, accusations rejet\u00e9es par Kiev et les Occidentaux, qualifi\u00e9es de \u00ab\u00a0mensonges\u00a0\u00bb. En parall\u00e8le, l\u2019Ukraine continue de cibler les infrastructures \u00e9nerg\u00e9tiques russes\u00a0: dans la r\u00e9gion frontali\u00e8re de Belgorod, 556.000 personnes ont \u00e9t\u00e9 priv\u00e9es d\u2019\u00e9lectricit\u00e9 et de chauffage, selon le gouverneur local. Une spirale de repr\u00e9sailles qui accentue la pression humanitaire et diplomatique \u00e0 l\u2019approche de l\u2019hiver.<\/p>\n","protected":false},"excerpt":{"rendered":"De nouvelles frappes russes massives ont touch\u00e9 l\u2019Ukraine dans la nuit de jeudi \u00e0 vendredi, faisant au moins&hellip;\n","protected":false},"author":2,"featured_media":653007,"comment_status":"","ping_status":"","sticky":false,"template":"","format":"standard","meta":{"footnotes":""},"categories":[1590],"tags":[47,11,4755,27378,1777,674,3447,131,4997,74,12,132,220,135,134],"class_list":{"0":"post-653006","1":"post","2":"type-post","3":"status-publish","4":"format-standard","5":"has-post-thumbnail","7":"category-ukraine","8":"tag-actualite","9":"tag-actualites","10":"tag-bombardement","11":"tag-chauffage","12":"tag-eu","13":"tag-europe","14":"tag-froid","15":"tag-guerre-en-ukraine","16":"tag-kiev-kyiv","17":"tag-monde","18":"tag-news","19":"tag-russie","20":"tag-ukraine","21":"tag-vladimir-poutine","22":"tag-volodymyr-zelensky"},"share_on_mastodon":{"url":"https:\/\/pubeurope.com\/@fr\/115868384971165842","error":""},"_links":{"self":[{"href":"https:\/\/www.europesays.com\/fr\/wp-json\/wp\/v2\/posts\/653006","targetHints":{"allow":["GET"]}}],"collection":[{"href":"https:\/\/www.europesays.com\/fr\/wp-json\/wp\/v2\/posts"}],"about":[{"href":"https:\/\/www.europesays.com\/fr\/wp-json\/wp\/v2\/types\/post"}],"author":[{"embeddable":true,"href":"https:\/\/www.europesays.com\/fr\/wp-json\/wp\/v2\/users\/2"}],"replies":[{"embeddable":true,"href":"https:\/\/www.europesays.com\/fr\/wp-json\/wp\/v2\/comments?post=653006"}],"version-history":[{"count":0,"href":"https:\/\/www.europesays.com\/fr\/wp-json\/wp\/v2\/posts\/653006\/revisions"}],"wp:featuredmedia":[{"embeddable":true,"href":"https:\/\/www.europesays.com\/fr\/wp-json\/wp\/v2\/media\/653007"}],"wp:attachment":[{"href":"https:\/\/www.europesays.com\/fr\/wp-json\/wp\/v2\/media?parent=653006"}],"wp:term":[{"taxonomy":"category","embeddable":true,"href":"https:\/\/www.europesays.com\/fr\/wp-json\/wp\/v2\/categories?post=653006"},{"taxonomy":"post_tag","embeddable":true,"href":"https:\/\/www.europesays.com\/fr\/wp-json\/wp\/v2\/tags?post=653006"}],"curies":[{"name":"wp","href":"https:\/\/api.w.org\/{rel}","templated":true}]}}