{"id":653008,"date":"2026-01-10T02:13:10","date_gmt":"2026-01-10T02:13:10","guid":{"rendered":"https:\/\/www.europesays.com\/fr\/653008\/"},"modified":"2026-01-10T02:13:10","modified_gmt":"2026-01-10T02:13:10","slug":"etats-unis-chine-brics-voici-a-quoi-pourrait-ressembler-le-commerce-mondial-en-2034","status":"publish","type":"post","link":"https:\/\/www.europesays.com\/fr\/653008\/","title":{"rendered":"\u00c9tats-Unis, Chine, Brics\u2026 voici \u00e0 quoi pourrait ressembler le commerce mondial en 2034"},"content":{"rendered":"<p>\u00c0 quoi pourrait bien ressembler le commerce mondial dans les prochaines ann\u00e9es\u00a0? C\u2019est l\u2019objet du rapport \u00ab\u00a0Commerce en transition\u00a0: comment se pr\u00e9parer \u00e0 un ordre mondial fragment\u00e9\u00a0\u00bb, publi\u00e9 par le <a href=\"https:\/\/www.bcg.com\/publications\/2026\/how-prepare-patchwork-world-order\" target=\"_blank\" rel=\"noopener\">Boston Consulting Group<\/a> (BCG).<\/p>\n<p>Selon le cabinet de conseil en strat\u00e9gie, le sc\u00e9nario le plus probable d\u2019ici \u00e0 2034 serait celui d\u2019un monde structur\u00e9 en quatre p\u00f4les principaux\u00a0: les \u00c9tats-Unis, la Chine, les pays \u00ab\u00a0plurilat\u00e9ralistes\u00a0\u00bb (UE, Canada, Japon, Mexique, P\u00e9rou, Vietnam) et les Brics+ (hors Chine).<\/p>\n<p>Globalement, le commerce mondial resterait \u00ab\u00a0remarquablement r\u00e9silient\u00a0\u00bb, passant d\u2019environ 23\u00a0000\u00a0milliards de dollars par an en 2024 \u00e0 pr\u00e8s de 30\u00a0000\u00a0milliards en 2034. Une progression \u00ab\u00a0d\u2019environ 2,5\u00a0% par an, soit l\u00e9g\u00e8rement plus vite que le PIB mondial\u00a0\u00bb, selon le BCG.<\/p>\n","protected":false},"excerpt":{"rendered":"\u00c0 quoi pourrait bien ressembler le commerce mondial dans les prochaines ann\u00e9es\u00a0? C\u2019est l\u2019objet du rapport \u00ab\u00a0Commerce en&hellip;\n","protected":false},"author":2,"featured_media":653009,"comment_status":"","ping_status":"","sticky":false,"template":"","format":"standard","meta":{"footnotes":""},"categories":[1589],"tags":[5734,75625,11,9322,309,215,33,73,1866,2181,12,2864,46876,1864,1865,1863,308,6013],"class_list":{"0":"post-653008","1":"post","2":"type-post","3":"status-publish","4":"format-standard","5":"has-post-thumbnail","7":"category-etats-unis","8":"tag-5734","9":"tag-75625","10":"tag-actualites","11":"tag-brics","12":"tag-chine","13":"tag-commerce","14":"tag-economie","15":"tag-etats-unis","16":"tag-etats-unis-damerique","17":"tag-mondial","18":"tag-news","19":"tag-pourrait","20":"tag-ressembler","21":"tag-united-states","22":"tag-united-states-of-america","23":"tag-us","24":"tag-usa","25":"tag-voici"},"share_on_mastodon":{"url":"https:\/\/pubeurope.com\/@fr\/115868388764264023","error":""},"_links":{"self":[{"href":"https:\/\/www.europesays.com\/fr\/wp-json\/wp\/v2\/posts\/653008","targetHints":{"allow":["GET"]}}],"collection":[{"href":"https:\/\/www.europesays.com\/fr\/wp-json\/wp\/v2\/posts"}],"about":[{"href":"https:\/\/www.europesays.com\/fr\/wp-json\/wp\/v2\/types\/post"}],"author":[{"embeddable":true,"href":"https:\/\/www.europesays.com\/fr\/wp-json\/wp\/v2\/users\/2"}],"replies":[{"embeddable":true,"href":"https:\/\/www.europesays.com\/fr\/wp-json\/wp\/v2\/comments?post=653008"}],"version-history":[{"count":0,"href":"https:\/\/www.europesays.com\/fr\/wp-json\/wp\/v2\/posts\/653008\/revisions"}],"wp:featuredmedia":[{"embeddable":true,"href":"https:\/\/www.europesays.com\/fr\/wp-json\/wp\/v2\/media\/653009"}],"wp:attachment":[{"href":"https:\/\/www.europesays.com\/fr\/wp-json\/wp\/v2\/media?parent=653008"}],"wp:term":[{"taxonomy":"category","embeddable":true,"href":"https:\/\/www.europesays.com\/fr\/wp-json\/wp\/v2\/categories?post=653008"},{"taxonomy":"post_tag","embeddable":true,"href":"https:\/\/www.europesays.com\/fr\/wp-json\/wp\/v2\/tags?post=653008"}],"curies":[{"name":"wp","href":"https:\/\/api.w.org\/{rel}","templated":true}]}}