{"id":653029,"date":"2026-01-10T02:30:09","date_gmt":"2026-01-10T02:30:09","guid":{"rendered":"https:\/\/www.europesays.com\/fr\/653029\/"},"modified":"2026-01-10T02:30:09","modified_gmt":"2026-01-10T02:30:09","slug":"a-80-ans-catherine-lara-bouleversee-par-un-evenement-lourd-de-sens-comme-un-enfant-a-qui","status":"publish","type":"post","link":"https:\/\/www.europesays.com\/fr\/653029\/","title":{"rendered":"A 80 ans, Catherine Lara boulevers\u00e9e par un \u00e9v\u00e9nement lourd de sens, \u00ab\u00a0comme un enfant \u00e0 qui&#8230;\u00a0\u00bb"},"content":{"rendered":"<p data-start=\"0\" data-end=\"801\">Figure incontournable de la sc\u00e8ne<br \/>\nmusicale fran\u00e7aise, <strong data-start=\"54\" data-end=\"72\">Catherine<br \/>\nLara<\/strong> traverse les d\u00e9cennies sans jamais perdre de sa<br \/>\nsingularit\u00e9. Violoniste virtuose, compositrice audacieuse et<br \/>\ninterpr\u00e8te \u00e0 la voix imm\u00e9diatement reconnaissable, l\u2019artiste s\u2019est<br \/>\nimpos\u00e9e d\u00e8s les ann\u00e9es 1970 comme une personnalit\u00e9 \u00e0 part, capable<br \/>\nde m\u00ealer musique classique, rock et chanson fran\u00e7aise. R\u00e9v\u00e9l\u00e9e au<br \/>\ngrand public avec des titres devenus cultes comme \u00ab\u00a0La Rockeuse de diamants\u00a0\u00bb,<br \/>\n\u00ab\u00a0Nuit magique\u00a0\u00bb,<br \/>\n\u00ab\u00a0Tout fout le camp\u00a0\u00bb ou<br \/>\nencore \u00ab\u00a0Adieu\u00a0\u00bb, Catherine<br \/>\nLara a marqu\u00e9 plusieurs g\u00e9n\u00e9rations avec des m\u00e9lodies puissantes et<br \/>\ndes textes charg\u00e9s d\u2019\u00e9motion.<\/p>\n<p data-start=\"0\" data-end=\"801\">Au fil de sa carri\u00e8re, Catherine<br \/>\nLara a multipli\u00e9 les succ\u00e8s, les tourn\u00e9es et les collaborations<br \/>\nprestigieuses. Elle a aussi compos\u00e9 pour le cin\u00e9ma, la t\u00e9l\u00e9vision<br \/>\net la sc\u00e8ne. Artiste engag\u00e9e, elle n\u2019a jamais h\u00e9sit\u00e9 \u00e0 prendre<br \/>\nposition. Cette exigence lui a valu une reconnaissance durable de<br \/>\nla part du public comme de ses pairs, couronn\u00e9e r\u00e9cemment par son<br \/>\n\u00e9l\u00e9vation au rang de commandeur de la <strong><a href=\"https:\/\/www.closermag.fr\/people\/catherine-hiegel-pourquoi-elle-a-refuse-trois-fois-la-legion-d-honneur-1425293\" target=\"_blank\" rel=\"noopener\"><br \/>\nL\u00e9gion d\u2019honneur<\/a><\/strong>.<\/p>\n<p>Catherine Lara, une rencontre<br \/>\nartistique n\u00e9e d\u2019un coup de c\u0153ur<\/p>\n<p data-start=\"172\" data-end=\"993\">Dans une interview accord\u00e9e \u00e0<br \/>\nT\u00e9l\u00e9 Star, Catherine Lara<br \/>\nrevient sur sa collaboration entam\u00e9e en 2023 avec la compagnie de<br \/>\ndanse Kuno autour du spectacle Identit\u00e9s. L&rsquo;ex de <a href=\"https:\/\/www.closermag.fr\/people\/muriel-robin-on-a-lavantage-de-elle-se-livre-sur-les-tournages-de-master-crimes-avec-anne-le-nen-3610958\" target=\"_blank\" rel=\"noopener\"><br \/>\nMuriel Robin<\/a> raconte comment cette aventure artistique a vu le<br \/>\njour apr\u00e8s une r\u00e9v\u00e9lation sur sc\u00e8ne. \u00ab\u00a0Je les ai vus sur sc\u00e8ne<br \/>\net j\u2019ai eu un vrai coup de c\u0153ur. Ce sont de magnifiques danseurs,<br \/>\ntouchants et investis. On vient de deux mondes oppos\u00e9s, moi du<br \/>\nconservatoire, eux de la danse urbaine, <strong>nos diff\u00e9rences<br \/>\nnous ont rassembl\u00e9s<\/strong>.\u00a0\u00bb<\/p>\n<p data-start=\"172\" data-end=\"993\">Un dialogue inattendu entre<br \/>\nviolon classique et danse contemporaine, au service d\u2019une cr\u00e9ation<br \/>\nsensible. \u00ab\u00a0C\u2019est un spectacle po\u00e9tique qui s\u2019inspire des<br \/>\naccidents de la vie. Les tableaux abordent <strong>la violence<br \/>\nfaite aux femmes<\/strong>, l\u2019omnipr\u00e9sence des t\u00e9l\u00e9phones portables,<br \/>\nla sensualit\u00e9\u2026 Mais on ne donne de le\u00e7ons \u00e0 personne.\u00a0\u00bb<\/p>\n<p>L\u00e9gion d\u2019honneur, \u00e9nergie intacte et amour qui dure<\/p>\n<p data-start=\"1057\" data-end=\"1902\" data-is-last-node=\"\" data-is-only-node=\"\">Toujours dans T\u00e9l\u00e9 Star, Catherine Lara confie son \u00e9motion apr\u00e8s<br \/>\navoir \u00e9t\u00e9 \u00e9lev\u00e9e au rang de commandeur de la L\u00e9gion d\u2019honneur. Une<br \/>\nreconnaissance qu\u2019elle re\u00e7oit avec beaucoup de gratitude.<br \/>\n\u00ab\u00a0<strong>C\u2019est comme un enfant \u00e0 qui on donne la croix<br \/>\nd\u2019honneur, j\u2019\u00e9tais hyper contente. \u00c7a veut dire que les gens, mes<br \/>\npairs m\u2019ont appr\u00e9ci\u00e9e. C\u2019est comme un cadeau.<\/strong>\u00ab\u00a0<\/p>\n<p data-start=\"1057\" data-end=\"1902\" data-is-last-node=\"\" data-is-only-node=\"\">\u00c0 bient\u00f4t 80 ans, l\u2019artiste affiche une<br \/>\nvitalit\u00e9 impressionnante, qu\u2019elle attribue \u00e0 son h\u00e9ritage familial.<br \/>\n\u00ab\u00a0C\u2019est maman qui m\u2019a refil\u00e9 \u00e7a, elle est d\u00e9c\u00e9d\u00e9e \u00e0 102 ans. \u00c0<br \/>\n100 ans, elle voulait un v\u00e9lo d\u2019appartement ! Mon p\u00e8re est parti \u00e0<br \/>\n94 ans, ma grand-m\u00e8re \u00e0 96. On est \u00ab\u00a0nonantes\u00a0\u00bb chez nous !\u00a0\u00bb Une<br \/>\n\u00e9nergie nourrie aussi par une histoire d\u2019amour solide, comme elle<br \/>\nle confie en \u00e9voquant sa compagne <a href=\"https:\/\/www.closermag.fr\/people\/catherine-lara-qui-est-sa-femme-samantha-qui-partage-sa-vie-depuis-25-ans-1083520\" target=\"_blank\" rel=\"noopener\"><br \/>\nSamantha<\/a>. \u00ab\u00a0Oui, c\u2019est merveilleux d\u2019avoir <strong>une<br \/>\nhistoire d\u2019amour qui dure depuis si longtemps<\/strong>.\u00a0\u00bb<\/p>\n","protected":false},"excerpt":{"rendered":"Figure incontournable de la sc\u00e8ne musicale fran\u00e7aise, Catherine Lara traverse les d\u00e9cennies sans jamais perdre de sa singularit\u00e9.&hellip;\n","protected":false},"author":2,"featured_media":607298,"comment_status":"","ping_status":"","sticky":false,"template":"","format":"standard","meta":{"footnotes":""},"categories":[1359],"tags":[21303,58,59,1011,27,70202,973],"class_list":{"0":"post-653029","1":"post","2":"type-post","3":"status-publish","4":"format-standard","5":"has-post-thumbnail","7":"category-people","8":"tag-buzz_nonli","9":"tag-divertissement","10":"tag-entertainment","11":"tag-fr","12":"tag-france","13":"tag-marfeel_connexes","14":"tag-people"},"share_on_mastodon":{"url":"https:\/\/pubeurope.com\/@fr\/115868455799890472","error":""},"_links":{"self":[{"href":"https:\/\/www.europesays.com\/fr\/wp-json\/wp\/v2\/posts\/653029","targetHints":{"allow":["GET"]}}],"collection":[{"href":"https:\/\/www.europesays.com\/fr\/wp-json\/wp\/v2\/posts"}],"about":[{"href":"https:\/\/www.europesays.com\/fr\/wp-json\/wp\/v2\/types\/post"}],"author":[{"embeddable":true,"href":"https:\/\/www.europesays.com\/fr\/wp-json\/wp\/v2\/users\/2"}],"replies":[{"embeddable":true,"href":"https:\/\/www.europesays.com\/fr\/wp-json\/wp\/v2\/comments?post=653029"}],"version-history":[{"count":0,"href":"https:\/\/www.europesays.com\/fr\/wp-json\/wp\/v2\/posts\/653029\/revisions"}],"wp:featuredmedia":[{"embeddable":true,"href":"https:\/\/www.europesays.com\/fr\/wp-json\/wp\/v2\/media\/607298"}],"wp:attachment":[{"href":"https:\/\/www.europesays.com\/fr\/wp-json\/wp\/v2\/media?parent=653029"}],"wp:term":[{"taxonomy":"category","embeddable":true,"href":"https:\/\/www.europesays.com\/fr\/wp-json\/wp\/v2\/categories?post=653029"},{"taxonomy":"post_tag","embeddable":true,"href":"https:\/\/www.europesays.com\/fr\/wp-json\/wp\/v2\/tags?post=653029"}],"curies":[{"name":"wp","href":"https:\/\/api.w.org\/{rel}","templated":true}]}}