{"id":653032,"date":"2026-01-10T02:33:10","date_gmt":"2026-01-10T02:33:10","guid":{"rendered":"https:\/\/www.europesays.com\/fr\/653032\/"},"modified":"2026-01-10T02:33:10","modified_gmt":"2026-01-10T02:33:10","slug":"cyril-hanouna-appelle-sa-maman-en-direct-apres-une-remarque-de-matthieu-delormeau-tu-sais-que-ma-mere-ne-peut-pas-te-blairer-programme-tv-net","status":"publish","type":"post","link":"https:\/\/www.europesays.com\/fr\/653032\/","title":{"rendered":"Cyril Hanouna appelle sa maman en direct apr\u00e8s une remarque de Matthieu Delormeau : &quot;Tu sais que ma m\u00e8re ne peut pas te blairer&quot; &#8211; programme-tv.net"},"content":{"rendered":"<ol>\n<li><a href=\"https:\/\/news.google.com\/rss\/articles\/CBMi_gFBVV95cUxOVy1WaGR0T19Mdmd1SzVzZGdTY1hTbnBNNFF3OTdOWkxzM2I0dW9xWlNiWTJvWmROWTJ1OHZZRVNOcE8tVGdkMEI3WFJxTEo2YldvbVlETkpIT2ZzdGNiQnQyek9ISl90YXJ3aDhqUVZPOTJlWFlIRDFJWnBOZGV5cmRYNXNpTzB6cHNvZTFoRWNNRUM2aVVaRWJ1S3dKTjJUTXJMd3c2Wl95Y2VKeVhjbGpneG9tcHQtd3BnanN4bFlvdG9QSGZ6QkRjUjJhMWFhZkhoakp6RnFVV19wM0FCdnU2bUdxVzRfX2pRTE83NDVkNEpMd3RiSXdaQnJFdw?oc=5\" target=\"_blank\" rel=\"noopener\">Cyril Hanouna appelle sa maman en direct apr\u00e8s une remarque de Matthieu Delormeau : \u00ab\u00a0Tu sais que ma m\u00e8re ne peut pas te blairer\u00a0\u00bb<\/a>&nbsp;&nbsp;programme-tv.net<\/li>\n<li><a href=\"https:\/\/news.google.com\/rss\/articles\/CBMi2gFBVV95cUxQRjUzaTg5dkhjeGFGQm5tRkxsYnAzejRmdjBlZzVTTnNFblJicHNZVVFlaGRCTXA5bFlST0xWVkxPOVBMeTlJNXdqMEZQRjBNWUpxRml0cjVOLVJybi01dngyRnJfR2lFbzRacXc1N3piRDB4c0lTUTRuQTNvaTBIVXdMTDUtbHVsdGlWa0hYUEVkeXlDTl85d1IzOE1DeUZsWVlvMFNMQmtrdVhHOEgwYXdiQWxBSFRfdzBjbXBmT09vMkRzRGdnWDNBYW9WNGd0SkdQTnlEVHRIZw?oc=5\" target=\"_blank\" rel=\"noopener\">\u00ab\u00a0La premi\u00e8re vid\u00e9o\u2026\u00a0\u00bb : Cyril Hanouna fait allusion \u00e0 la se*tape de Matthieu Delormeau, malaise sur le plateau<\/a>&nbsp;&nbsp;T\u00e9l\u00e9 Star<\/li>\n<li><a href=\"https:\/\/news.google.com\/rss\/articles\/CBMiwAFBVV95cUxPaGlMbFJsRmgzbjdqemhwTDR5S3VaMGx5YTJYa3VIMlBwZjdLSldPN3lydEhONjlhWHFzQk8taktlNVZjWTJpVnZ6Y3pWNF9acE1WbFkxY2NNX3pxaFFxdHN5S2xLVmM2bHR3VUN6ak8tcXpFbXBFSWs1QUN2UmVreU5qOC0wblBOMzZSNjVNZW1UOEJsLWZCWkUzd211R3RuMVYxRzNZVVdiYXNHSXVFM25wdHhiQktjaDhZU185ZnA?oc=5\" target=\"_blank\" rel=\"noopener\">TBT9 : G\u00ean\u00e9, Matthieu Delormeau disparait de l&rsquo;\u00e9mission en plein direct, \u00ab\u00a0Personne ne nous&#8230;\u00a0\u00bb<\/a>&nbsp;&nbsp;melty.fr<\/li>\n<li><a href=\"https:\/\/news.google.com\/rss\/articles\/CBMitgFBVV95cUxOR0xkNHFqWWNMekFMZU50bENjOGFsSlZiTHRSWFpUR2F5WkFXVGo4aFgwSTE0NGhlNzVzOHZ6OGZYdWl1NXJrLVpUbWFUU2syTHZCSFhGT21ETlA4ZWR2TmFpOGtFSHlmM28wRENYZG9keHNCSmdCOXMxZVJhcDBVMHg3bkNLdDBpek1La2JmQl8zUG5KXzdvWkRnUVd5VGZ3bEVVclo4UWtYM1dtUko2b01iZWVFQQ?oc=5\" target=\"_blank\" rel=\"noopener\">TBT9 : Matthieu Delormeau explose en direct, Hanouna se moque et la tension monte<\/a>&nbsp;&nbsp;TV-Programme.com<\/li>\n<li><a href=\"https:\/\/news.google.com\/rss\/articles\/CBMi7wFBVV95cUxQanEyLVFyUHRmWlJnSUljTHY5VFhFNlB5VjRBUFREc2ZuUzlaMGNDeGtDaU1PM1hHdTJoaFZwbG94VEZHX2lKZnhDeXRCejRNZTlMSmJQbjU4aFBNblNfRG5XODVRd2JFeWdSMjY5SGlyYWxsRmNVU1RWYk9yVzc0OWdSbmk0RzVwTGY5Tm8yRG5ETUdRaU9xbzJmTFNwajZ1RDFHQTJzY0F6MEdNbkJaN0RPY1RFc2Y3ak9tZnJvZWJ1eUM0VWZycHEtNUlGaW14VmZHdXNzaXNGZ0FiT2I0ci1icVJzTl9nSmlpWUFiYw?oc=5\" target=\"_blank\" rel=\"noopener\">Cyril Hanouna balance \u00e0 Matthieu Delormeau que sa m\u00e8re ne l\u2019aime pas\u2026 elle r\u00e9pond et fait une r\u00e9v\u00e9lation inattendue (ZAPTV)<\/a>&nbsp;&nbsp;Voici<\/li>\n<\/ol>\n","protected":false},"excerpt":{"rendered":"Cyril Hanouna appelle sa maman en direct apr\u00e8s une remarque de Matthieu Delormeau : \u00ab\u00a0Tu sais que ma&hellip;\n","protected":false},"author":2,"featured_media":395849,"comment_status":"","ping_status":"","sticky":false,"template":"","format":"standard","meta":{"footnotes":""},"categories":[1356],"tags":[58,59,1011,27,252,1364],"class_list":{"0":"post-653032","1":"post","2":"type-post","3":"status-publish","4":"format-standard","5":"has-post-thumbnail","7":"category-television","8":"tag-divertissement","9":"tag-entertainment","10":"tag-fr","11":"tag-france","12":"tag-television","13":"tag-tv"},"share_on_mastodon":{"url":"https:\/\/pubeurope.com\/@fr\/115868467677914825","error":""},"_links":{"self":[{"href":"https:\/\/www.europesays.com\/fr\/wp-json\/wp\/v2\/posts\/653032","targetHints":{"allow":["GET"]}}],"collection":[{"href":"https:\/\/www.europesays.com\/fr\/wp-json\/wp\/v2\/posts"}],"about":[{"href":"https:\/\/www.europesays.com\/fr\/wp-json\/wp\/v2\/types\/post"}],"author":[{"embeddable":true,"href":"https:\/\/www.europesays.com\/fr\/wp-json\/wp\/v2\/users\/2"}],"replies":[{"embeddable":true,"href":"https:\/\/www.europesays.com\/fr\/wp-json\/wp\/v2\/comments?post=653032"}],"version-history":[{"count":0,"href":"https:\/\/www.europesays.com\/fr\/wp-json\/wp\/v2\/posts\/653032\/revisions"}],"wp:featuredmedia":[{"embeddable":true,"href":"https:\/\/www.europesays.com\/fr\/wp-json\/wp\/v2\/media\/395849"}],"wp:attachment":[{"href":"https:\/\/www.europesays.com\/fr\/wp-json\/wp\/v2\/media?parent=653032"}],"wp:term":[{"taxonomy":"category","embeddable":true,"href":"https:\/\/www.europesays.com\/fr\/wp-json\/wp\/v2\/categories?post=653032"},{"taxonomy":"post_tag","embeddable":true,"href":"https:\/\/www.europesays.com\/fr\/wp-json\/wp\/v2\/tags?post=653032"}],"curies":[{"name":"wp","href":"https:\/\/api.w.org\/{rel}","templated":true}]}}