{"id":653033,"date":"2026-01-10T02:34:11","date_gmt":"2026-01-10T02:34:11","guid":{"rendered":"https:\/\/www.europesays.com\/fr\/653033\/"},"modified":"2026-01-10T02:34:11","modified_gmt":"2026-01-10T02:34:11","slug":"exclu-dave-excite-par-sa-rencontre-a-venir-avec-nos-lecteurs","status":"publish","type":"post","link":"https:\/\/www.europesays.com\/fr\/653033\/","title":{"rendered":"EXCLU. Dave excit\u00e9 par sa rencontre \u00e0 venir avec nos lecteurs : \u00a0\u00bb &#8230;"},"content":{"rendered":"<p>EN BREF<\/p>\n<ul class=\"bloc_resume_post_list\">\n<li>Dave c\u00e9l\u00e8bre ses 60 ans de carri\u00e8re musicale et partage<br \/>\nson parcours dans une interview exclusive avec T\u00e9l\u00e9<br \/>\nStar.<\/li>\n<li>Le 27 janvier, une soir\u00e9e sp\u00e9ciale au th\u00e9\u00e2tre de la Tour<br \/>\nEiffel permettra aux lecteurs de rencontrer Dave.<\/li>\n<li>Un \u00e9v\u00e9nement marquant des ann\u00e9es 70 a chang\u00e9 la vie de<br \/>\nDave, influen\u00e7ant sa carri\u00e8re et sa vie personnelle.<\/li>\n<\/ul>\n<p class=\"p1\"><a href=\"https:\/\/www.telestar.fr\/actu-tv\/autres-emissions\/exclu-telestar.fr-du-cote-de-chez-dave-france-3-supprimee-dave-repond-202568\" target=\"_blank\" rel=\"noopener\"><br \/>\nVoil\u00e0 soixante ans que Dave m\u00e8ne rondement sa carri\u00e8re dans<br \/>\nl\u00a0\u00bbindustrie musicale.<\/a> \u00ab\u00a0Ma voix ne bouge pas, gr\u00e2ce au ciel,<br \/>\nau destin, confie le chanteur dans une interview accord\u00e9e en<br \/>\nexclusivit\u00e9 au magazine T\u00e9l\u00e9 Star. Je faisais partie<br \/>\nde ces enfants qui chantent seuls dans leur lit avant de<br \/>\ns&rsquo;endormir.\u00a0\u00bb Un jeune gar\u00e7on plein d&rsquo;avenir qui, ravi, a suivi<br \/>\ndes cours de chant gr\u00e2ce \u00e0 ses parents.<\/p>\n<p class=\"p1\">\u00ab\u00a0<strong>Quand j&rsquo;ai quitt\u00e9 les Pays-Bas, j&rsquo;ai<br \/>\nsuivi des cours avec une cantatrice<\/strong> qui m&rsquo;a appris le<br \/>\nlyrique, poursuit l&rsquo;interpr\u00e8te de Vanina. Gr\u00e2ce \u00e0 elle,<br \/>\nj&rsquo;ai d\u00e9croch\u00e9 un r\u00f4le dans la com\u00e9die musicale<br \/>\nGodspell.\u00a0\u00bb C&rsquo;est \u00e0 un autre genre d&rsquo;exercice qu&rsquo;il<br \/>\ns&rsquo;essaiera tr\u00e8s prochainement sur sc\u00e8ne \u00e0 Paris\u2026<\/p>\n<p>Dave : cette rencontre avec les lecteurs de T\u00e9l\u00e9 Star dont il<br \/>\nse r\u00e9jouit<\/p>\n<p class=\"p1\"><strong>Le 27 janvier prochain<\/strong>, <strong>le<br \/>\nmagazine T\u00e9l\u00e9 Star<\/strong> mettra \u00e0 l&rsquo;honneur Dave au<br \/>\ncours d&rsquo;<strong>une soir\u00e9e exceptionnelle au th\u00e9\u00e2tre de la Tour<br \/>\nEiffel<\/strong>, dans le VIIe arrondissement de la capitale.<br \/>\nConvi\u00e9s \u00e9galement, les lecteurs auront l&rsquo;occasion d&rsquo;\u00e9changer avec<br \/>\n<a href=\"https:\/\/www.telestar.fr\/people\/video.-dave-atomise-mask-singer-j-ai-deteste-faire-l-emission-685490\" target=\"_blank\" rel=\"noopener\"><br \/>\nle chanteur qui a atomis\u00e9 Mask Singer l&rsquo;an dernier<\/a>. Dans cette<br \/>\nm\u00eame interview, ce dernier ne cache pas son excitation \u00e0 l&rsquo;id\u00e9e de<br \/>\nles rencontrer.<\/p>\n<p class=\"p1\">\u00ab\u00a0<strong>Je suis curieux de participer \u00e0 cette<br \/>\nrencontre<\/strong>, de d\u00e9couvrir les questions que le public me<br \/>\nposera, d\u00e9clare-t-il. C&rsquo;est une formule originale [\u00e9change<br \/>\navec lui et mini-concert, ndlr], et <strong>j&rsquo;aime \u00eatre<br \/>\nsurpris<\/strong>.\u00a0\u00bb Et d&rsquo;ajouter : \u00ab\u00a0J&rsquo;ai toujours \u00e9t\u00e9 tr\u00e8s<br \/>\ndisponible pour mon public\u00a0\u00bb. Les lecteurs int\u00e9ress\u00e9s peuvent<br \/>\nr\u00e9server leur place via le site officiel du th\u00e9\u00e2tre de la Tour<br \/>\nEiffel ou par t\u00e9l\u00e9phone, au num\u00e9ro suivant : 01 40 67 77 77.<\/p>\n<p>Dave : comment a-t-il rencontr\u00e9<br \/>\nl&rsquo;homme de sa vie ?<\/p>\n<p class=\"p1\">Apr\u00e8s Godspell, <strong>le succ\u00e8s n&rsquo;a pas<br \/>\n\u00e9t\u00e9 tout de suite au rendez-vous<\/strong>. Aupr\u00e8s de T\u00e9l\u00e9<br \/>\nStar, Dave \u00e9voque bri\u00e8vement l&rsquo;\u00e9chec de ses dix premiers<br \/>\nalbums enregistr\u00e9s Barclay. \u00ab\u00a0J&rsquo;ai commence \u00e0 faire la manche<br \/>\nquand je suis parti de Hollande en bateau, avec mon ami de<br \/>\nl&rsquo;\u00e9poque, pour rejoindre Marseille par les canaux\u00a0\u00bb, raconte<br \/>\n<a href=\"https:\/\/www.telestar.fr\/actu-tv\/quand-dave-recueillait-chance-chien-appat-sur-l-ile-de-la-reunion-284036\" target=\"_blank\" rel=\"noopener\"><br \/>\nl&rsquo;homme qui adore les animaux<\/a>.<\/p>\n<p class=\"p1\">Il poursuit : <strong>\u00ab\u00a0J&rsquo;ai chant\u00e9 dans les rues<br \/>\nde Namur, de Saint-Tropez, puis de Paris\u00a0\u00bb.<\/strong> Le d\u00e9but<br \/>\ndes ann\u00e9es 70 lui r\u00e9servera une surprise qui changera \u00e0 jamais sa<br \/>\ntrajectoire. <strong>\u00ab\u00a0C&rsquo;est comme \u00e7a que j&rsquo;ai rencontr\u00e9 Patrick<br \/>\nLoiseau, l&rsquo;amour de ma vie\u00a0\u00bb.<\/strong>.. qui \u00e9crira une grande<br \/>\npartie de ses singles par la suite. Tous deux se pacseront avant de<br \/>\nfranchir le cap du mariage sur le conseil de Marc-Olivier<br \/>\nFogiel.<\/p>\n<p class=\"p1\"><strong>Interview \u00e0 retrouver en int\u00e9gralit\u00e9 dans<br \/>\nvotre magazine T\u00e9l\u00e9 Star en kiosque et en version num\u00e9rique ce<br \/>\nlundi 12 janvier 2026.<\/strong><\/p>\n","protected":false},"excerpt":{"rendered":"EN BREF Dave c\u00e9l\u00e8bre ses 60 ans de carri\u00e8re musicale et partage son parcours dans une interview exclusive&hellip;\n","protected":false},"author":2,"featured_media":653034,"comment_status":"","ping_status":"","sticky":false,"template":"","format":"standard","meta":{"footnotes":""},"categories":[1355],"tags":[548,22244,58,59,1011,27,1361,873],"class_list":{"0":"post-653033","1":"post","2":"type-post","3":"status-publish","4":"format-standard","5":"has-post-thumbnail","7":"category-musique","8":"tag-article-simple","9":"tag-dave","10":"tag-divertissement","11":"tag-entertainment","12":"tag-fr","13":"tag-france","14":"tag-music","15":"tag-musique"},"share_on_mastodon":{"url":"https:\/\/pubeurope.com\/@fr\/115868471426573521","error":""},"_links":{"self":[{"href":"https:\/\/www.europesays.com\/fr\/wp-json\/wp\/v2\/posts\/653033","targetHints":{"allow":["GET"]}}],"collection":[{"href":"https:\/\/www.europesays.com\/fr\/wp-json\/wp\/v2\/posts"}],"about":[{"href":"https:\/\/www.europesays.com\/fr\/wp-json\/wp\/v2\/types\/post"}],"author":[{"embeddable":true,"href":"https:\/\/www.europesays.com\/fr\/wp-json\/wp\/v2\/users\/2"}],"replies":[{"embeddable":true,"href":"https:\/\/www.europesays.com\/fr\/wp-json\/wp\/v2\/comments?post=653033"}],"version-history":[{"count":0,"href":"https:\/\/www.europesays.com\/fr\/wp-json\/wp\/v2\/posts\/653033\/revisions"}],"wp:featuredmedia":[{"embeddable":true,"href":"https:\/\/www.europesays.com\/fr\/wp-json\/wp\/v2\/media\/653034"}],"wp:attachment":[{"href":"https:\/\/www.europesays.com\/fr\/wp-json\/wp\/v2\/media?parent=653033"}],"wp:term":[{"taxonomy":"category","embeddable":true,"href":"https:\/\/www.europesays.com\/fr\/wp-json\/wp\/v2\/categories?post=653033"},{"taxonomy":"post_tag","embeddable":true,"href":"https:\/\/www.europesays.com\/fr\/wp-json\/wp\/v2\/tags?post=653033"}],"curies":[{"name":"wp","href":"https:\/\/api.w.org\/{rel}","templated":true}]}}