{"id":653043,"date":"2026-01-10T02:39:17","date_gmt":"2026-01-10T02:39:17","guid":{"rendered":"https:\/\/www.europesays.com\/fr\/653043\/"},"modified":"2026-01-10T02:39:17","modified_gmt":"2026-01-10T02:39:17","slug":"jai-vu-les-futurs-tv-nxtvision-art-life-de-tcl-des-televiseurs-qui-se-font-passer-pour-des-tableaux-frandroid","status":"publish","type":"post","link":"https:\/\/www.europesays.com\/fr\/653043\/","title":{"rendered":"J\u2019ai vu les futurs TV NXTVision Art Life de TCL, des t\u00e9l\u00e9viseurs qui se font passer pour des tableaux \u2014 Frandroid"},"content":{"rendered":"<p>Pr\u00e9sent\u00e9 comme un t\u00e9l\u00e9viseur artistique haut de gamme, le TCL A400 Pro associe design type tableau et technologie QD\u2011Mini LED. Annonc\u00e9 d\u2019abord en Chine, il occupe une place de choix sur le stand TCL au CES 2026 de Las Vegas avant d\u2019arriver en France.<\/p>\n<p><a href=\"https:\/\/images.frandroid.com\/wp-content\/uploads\/2026\/01\/tcl-gallery-hall-art-life-a400-pro-ces-2026.jpg\" target=\"_blank\" class=\"article-content__figure\" rel=\"noopener\"><img fetchpriority=\"high\" decoding=\"async\" loading=\"eager\" width=\"1200\" height=\"827\" src=\"https:\/\/www.europesays.com\/fr\/wp-content\/uploads\/2026\/01\/tcl-gallery-hall-art-life-a400-pro-ces-2026.jpg\" alt=\"\" class=\"wp-image-2938159 wp-image wp-image\"  \/><\/a>TCL NXTVision Art Life A400 Pro CES 2026 \/\/ Source : Sylvain Pichot \u2013 Frandroid<\/p>\n<p>Avec la <a href=\"https:\/\/www.frandroid.com\/marques\/tcl\/2893261_tcl-devoile-son-televiseur-a400-pro-qd-mini-led-avec-mode-galerie-dart-et-ia\" target=\"_blank\" rel=\"noopener\">s\u00e9rie de t\u00e9l\u00e9viseurs TCL A400 Pro<\/a> a d\u00e9j\u00e0 \u00e9t\u00e9 \u00e9voqu\u00e9 dans nos colonnes d\u00e9but d\u00e9cembre suite \u00e0 sa pr\u00e9sentation officielle en Chine. Rappelons qu\u2019il s\u2019agit de mod\u00e8les appartenant \u00e0 la gamme NXTVision Art TV de la marque et qui ont pour vocation d\u2019\u00eatre install\u00e9s au mur afin de remplacer un tableau lorsqu\u2019ils ne sont pas utilis\u00e9s.<\/p>\n<p class=\"shortcode-container see-more\">\n    Pour aller plus loin<br \/><a href=\"https:\/\/www.frandroid.com\/marques\/tcl\/2936355_jai-vu-le-futur-tv-tcl-rgb-mini-led-et-il-est-tres-prometteur\" target=\"_blank\" rel=\"noopener\">J\u2019ai vu le futur TV TCL RGB Mini LED et il est tr\u00e8s prometteur<\/a>\n            <\/p>\n<p>Cette s\u00e9rie A400 Pro succ\u00e8de \u00e0 la <a href=\"https:\/\/www.frandroid.com\/produits\/smart-tv\/tcl\/2329490-tcl-nxtframe-55a300-pro\" target=\"_blank\" rel=\"noopener\">s\u00e9rie A300 Pro<\/a> que nous avons pu tester. Elle vient en concurrence des mod\u00e8les <a href=\"https:\/\/www.frandroid.com\/marques\/samsung\/2927207_samsung-the-frame-version-2026-des-tv-tableaux-qui-passent-au-glare-free\" target=\"_blank\" rel=\"noopener\">The Frame, The Frame Pro de Samsung<\/a> et des <a href=\"https:\/\/www.frandroid.com\/marques\/hisense\/2934373_allez-vous-craquer-pour-lun-de-ces-televiseurs-lifestyle-hisense-bientot-disponibles\" target=\"_blank\" rel=\"noopener\">prochains Canvas TV de Hisense<\/a>.<\/p>\n<p class=\"shortcode-container see-more\">\n    Pour aller plus loin<br \/><a href=\"https:\/\/www.frandroid.com\/marques\/tcl\/2489964_test-du-tv-tcl-nxtframe-55a300-pro-un-bon-televiseur-qui-se-la-joue-tableau-ou-linverse\" target=\"_blank\" rel=\"noopener\">Test du TV TCL NXTVision (NZXTFrame) 55A300 Pro\u00a0: un (bon) t\u00e9l\u00e9viseur qui se la joue tableau ou l\u2019inverse<\/a>\n            <\/p>\n<p>TCL a profit\u00e9 du salon du <a href=\"https:\/\/www.frandroid.com\/events\/ces\" target=\"_blank\" rel=\"noopener\">CES 2026 de Las Vegas<\/a> pour pr\u00e9senter au reste du monde plusieurs tailles de cette s\u00e9rie. Il s\u2019agit de la version la plus haut de gamme et, selon nos informations, TCL devrait proposer d\u2019autres d\u00e9clinaisons plus \u00ab\u00a0entr\u00e9e de gamme\u00a0\u00bb lors de la disponibilit\u00e9 en France.<\/p>\n<p><a href=\"https:\/\/images.frandroid.com\/wp-content\/uploads\/2026\/01\/tcl-gallery-hall-art-life-a400-pro-ces-2026-2.jpg\" target=\"_blank\" class=\"article-content__figure\" rel=\"noopener\"><img loading=\"lazy\" decoding=\"async\" width=\"1200\" height=\"808\" src=\"https:\/\/www.europesays.com\/fr\/wp-content\/uploads\/2026\/01\/tcl-gallery-hall-art-life-a400-pro-ces-2026-2-1200x808.jpg\" alt=\"\" class=\"wp-image-2938153 wp-image\"  \/><\/a>TCL NXTVision Art Life A400 Pro CES 2026 \/\/ Source : Sylvain Pichot \u2013 Frandroid<\/p>\n<p>Le design est un argument mis en avant : la s\u00e9rie A400 Pro adopte un ch\u00e2ssis particuli\u00e8rement fin, autour de 3,99 cm, pour limiter l\u2019\u00e9paisseur au mur et renforcer l\u2019effet \u00ab\u00a0tableau\u00a0\u00bb.<\/p>\n<p><a href=\"https:\/\/images.frandroid.com\/wp-content\/uploads\/2026\/01\/tcl-gallery-hall-art-life-a400-pro-ces-2026-3.jpg\" target=\"_blank\" class=\"article-content__figure\" rel=\"noopener\"><img loading=\"lazy\" decoding=\"async\" width=\"1200\" height=\"903\" src=\"https:\/\/www.europesays.com\/fr\/wp-content\/uploads\/2026\/01\/tcl-gallery-hall-art-life-a400-pro-ces-2026-3-1200x903.jpg\" alt=\"\" class=\"wp-image-2938155 wp-image\"  \/><\/a>TCL NXTVision Art Life A400 Pro CES 2026 \/\/ Source : Sylvain Pichot \u2013 Frandroid<\/p>\n<p>Plusieurs diagonales avec des dalles distinctes<\/p>\n<p>La s\u00e9rie A400 Pro sera d\u00e9clin\u00e9e en plusieurs tailles\u00a0: 32 et 43 avec une dalle QLED, comme les A300 Pro. En outre, il y aura \u00e9galement des tailles de 55, 65, 75, 85 et 98 pouces qui, eux, profiteront d\u2019un syst\u00e8me de r\u00e9tro\u00e9clairage QD Mini LED sur toute la surface de l\u2019\u00e9cran avec une dalle mate. Elle se veut rendre le meilleur des \u0153uvres d\u2019art qui s\u2019affichent.<\/p>\n<p><a href=\"https:\/\/images.frandroid.com\/wp-content\/uploads\/2026\/01\/tcl-gallery-hall-art-life-a400-pro-ces-2026-4.jpg\" target=\"_blank\" class=\"article-content__figure\" rel=\"noopener\"><img loading=\"lazy\" decoding=\"async\" width=\"1200\" height=\"763\" src=\"https:\/\/www.europesays.com\/fr\/wp-content\/uploads\/2026\/01\/tcl-gallery-hall-art-life-a400-pro-ces-2026-4-1200x763.jpg\" alt=\"\" class=\"wp-image-2938157 wp-image\"  \/><\/a>TCL NXTVision Art Life A400 Pro CES 2026 \/\/ Source : Sylvain Pichot \u2013 Frandroid<\/p>\n<p>Les diagonales de 55 \u00e0 98 pouces supportent la fr\u00e9quence de 144 Hz, et les plus petites sont limit\u00e9es \u00e0 120 Hz. <\/p>\n<p>Nous aurons plus de d\u00e9tails sur les caract\u00e9ristiques techniques et les autres produits lifestyle de la marque d\u2019ici le mois de mars.<\/p>\n<p>Envie de retrouver les meilleurs articles de Frandroid sur Google News ? Vous pouvez suivre <strong><a href=\"https:\/\/news.google.com\/publications\/CAAqBggKMICKMDCuyQU?oc=3\" target=\"_blank\" rel=\"noopener null noreferrer\">Frandroid sur Google News<\/a> en un clic.<\/strong><\/p>\n<p class=\"title\">\n            Retrouvez toutes les nouveaut\u00e9s du             <a href=\"https:\/\/www.frandroid.com\/events\/ces\" target=\"_blank\" rel=\"noopener\"><br \/>\n                CES 2026            <\/a>\n        <\/p>\n","protected":false},"excerpt":{"rendered":"Pr\u00e9sent\u00e9 comme un t\u00e9l\u00e9viseur artistique haut de gamme, le TCL A400 Pro associe design type tableau et technologie&hellip;\n","protected":false},"author":2,"featured_media":653044,"comment_status":"","ping_status":"","sticky":false,"template":"","format":"standard","meta":{"footnotes":""},"categories":[7],"tags":[73358,1011,27,43,40,41,39,42,44],"class_list":{"0":"post-653043","1":"post","2":"type-post","3":"status-publish","4":"format-standard","5":"has-post-thumbnail","7":"category-sciences-et-technologies","8":"tag-ces-2026","9":"tag-fr","10":"tag-france","11":"tag-science","12":"tag-science-and-technology","13":"tag-sciences","14":"tag-sciences-et-technologies","15":"tag-technologies","16":"tag-technology"},"share_on_mastodon":{"url":"https:\/\/pubeurope.com\/@fr\/115868491225677312","error":""},"_links":{"self":[{"href":"https:\/\/www.europesays.com\/fr\/wp-json\/wp\/v2\/posts\/653043","targetHints":{"allow":["GET"]}}],"collection":[{"href":"https:\/\/www.europesays.com\/fr\/wp-json\/wp\/v2\/posts"}],"about":[{"href":"https:\/\/www.europesays.com\/fr\/wp-json\/wp\/v2\/types\/post"}],"author":[{"embeddable":true,"href":"https:\/\/www.europesays.com\/fr\/wp-json\/wp\/v2\/users\/2"}],"replies":[{"embeddable":true,"href":"https:\/\/www.europesays.com\/fr\/wp-json\/wp\/v2\/comments?post=653043"}],"version-history":[{"count":0,"href":"https:\/\/www.europesays.com\/fr\/wp-json\/wp\/v2\/posts\/653043\/revisions"}],"wp:featuredmedia":[{"embeddable":true,"href":"https:\/\/www.europesays.com\/fr\/wp-json\/wp\/v2\/media\/653044"}],"wp:attachment":[{"href":"https:\/\/www.europesays.com\/fr\/wp-json\/wp\/v2\/media?parent=653043"}],"wp:term":[{"taxonomy":"category","embeddable":true,"href":"https:\/\/www.europesays.com\/fr\/wp-json\/wp\/v2\/categories?post=653043"},{"taxonomy":"post_tag","embeddable":true,"href":"https:\/\/www.europesays.com\/fr\/wp-json\/wp\/v2\/tags?post=653043"}],"curies":[{"name":"wp","href":"https:\/\/api.w.org\/{rel}","templated":true}]}}