{"id":653047,"date":"2026-01-10T02:41:14","date_gmt":"2026-01-10T02:41:14","guid":{"rendered":"https:\/\/www.europesays.com\/fr\/653047\/"},"modified":"2026-01-10T02:41:14","modified_gmt":"2026-01-10T02:41:14","slug":"meloni-la-derniere-chose-que-je-veux-faire-dans-ma-vie-cest-rendre-service-a-poutine","status":"publish","type":"post","link":"https:\/\/www.europesays.com\/fr\/653047\/","title":{"rendered":"Meloni : \u00ab\u00a0La derni\u00e8re chose que je veux faire dans ma vie, c&rsquo;est rendre service \u00e0 Poutine\u00a0\u00bb"},"content":{"rendered":"<p>\n  Par&amp;nbsp<b>Euronews<\/b>&amp;nbspavec&amp;nbsp<b>agences<\/b>\n<\/p>\n<p>\n                    Publi\u00e9 le                 09\/01\/2026 &#8211; 19:12 UTC+1<br \/>\n                \u2022Mis \u00e0 jour<br \/>\n                                     19:18\n                                        <\/p>\n<p>Lors de la conf\u00e9rence de presse du Nouvel An, la Premi\u00e8re ministre italienne, Giorgia Meloni, a d\u00e9clar\u00e9 que l&rsquo;Union europ\u00e9enne devrait reprendre le dialogue de haut niveau avec la Russie, appelant \u00e0 la nomination d&rsquo;un envoy\u00e9 sp\u00e9cial.<\/p>\n<p>Elle a pr\u00e9cis\u00e9 la position de l&rsquo;Italie sur les n\u00e9gociations en cours pour mettre fin \u00e0 la guerre en Ukraine : \u00ab\u00a0Si l&rsquo;Europe d\u00e9cide de ne parler qu&rsquo;\u00e0 une seule des deux parties, je crains que sa contribution positive soit limit\u00e9e\u00a0\u00bb.<\/p>\n<p>\u00ab\u00a0Je pense que le moment est venu pour l&rsquo;Europe de dialoguer avec la Russie\u00a0\u00bb, a-t-elle ajout\u00e9. Pour la cheffe du gouvernement, la question est de savoir \u00ab\u00a0qui doit le faire\u00a0\u00bb.<\/p>\n<p>\u00ab\u00a0Si nous commettons l&rsquo;erreur de rouvrir les n\u00e9gociations avec la Russie et d&rsquo;agir de mani\u00e8re d\u00e9sordonn\u00e9e, nous rendrons service \u00e0 Poutine. La derni\u00e8re chose que je veux faire dans ma vie, c&rsquo;est rendre service \u00e0 Poutine.\u00a0\u00bb<\/p>\n<p>Commentant les relations avec Moscou, elle a exprim\u00e9 son accord avec le pr\u00e9sident fran\u00e7ais Emmanuel Macron, qui avait d\u00e9clar\u00e9 en d\u00e9cembre dernier qu\u2019il serait \u00ab\u00a0utile\u00a0\u00bb pour l&rsquo;Europe de reprendre le dialogue avec Vladimir Poutine au sujet de sa guerre d&rsquo;agression.<\/p>\n<p>\u00ab\u00a0De nombreuses voix s&rsquo;\u00e9l\u00e8vent, de nombreux formats existent\u00a0\u00bb, a d\u00e9clar\u00e9 Giorgia Meloni, sugg\u00e9rant que les initiatives diplomatiques europ\u00e9ennes gagneraient \u00e0 \u00eatre plus lisibles. <\/p>\n<p>\u00ab\u00a0C&rsquo;est la raison pour laquelle j\u2019ai toujours soutenu la nomination d\u2019un envoy\u00e9 sp\u00e9cial europ\u00e9en pour la question ukrainienne, [&#8230;] quelqu&rsquo;un qui pourrait r\u00e9sumer la situation et nous permettre de parler d&rsquo;une seule voix.\u00a0\u00bb<\/p>\n<p>Elle a toutefois jug\u00e9 pr\u00e9matur\u00e9 d&rsquo;\u00e9voquer une \u00e9ventuelle r\u00e9int\u00e9gration de la Russie au sein du Groupe des Sept (G7), anciennement Groupe des Huit (G8) des pays industrialis\u00e9s.<\/p>\n<p>Elle a toutefois ajout\u00e9 qu&rsquo;il \u00e9tait trop t\u00f4t pour parler de r\u00e9int\u00e9grer la Russie dans ce qui est actuellement le Groupe des Sept (G7), anciennement le Groupe des Huit (G8) des pays d\u00e9velopp\u00e9s.<\/p>\n<p>\u00ab\u00a0\u00c0 ce stade, il me semble impossible que la Russie rejoigne le G7\u00a0\u00bb, a-t-elle conclu.<\/p>\n","protected":false},"excerpt":{"rendered":"Par&amp;nbspEuronews&amp;nbspavec&amp;nbspagences Publi\u00e9 le 09\/01\/2026 &#8211; 19:12 UTC+1 \u2022Mis \u00e0 jour 19:18 Lors de la conf\u00e9rence de presse du&hellip;\n","protected":false},"author":2,"featured_media":653048,"comment_status":"","ping_status":"","sticky":false,"template":"","format":"standard","meta":{"footnotes":""},"categories":[5],"tags":[11,1011,27,3044,146,131,14,452,12,29576,28],"class_list":{"0":"post-653047","1":"post","2":"type-post","3":"status-publish","4":"format-standard","5":"has-post-thumbnail","7":"category-international","8":"tag-actualites","9":"tag-fr","10":"tag-france","11":"tag-giorgia-meloni","12":"tag-groenland","13":"tag-guerre-en-ukraine","14":"tag-international","15":"tag-italie","16":"tag-news","17":"tag-politique-italienne","18":"tag-world"},"share_on_mastodon":{"url":"https:\/\/pubeurope.com\/@fr\/115868498945410582","error":""},"_links":{"self":[{"href":"https:\/\/www.europesays.com\/fr\/wp-json\/wp\/v2\/posts\/653047","targetHints":{"allow":["GET"]}}],"collection":[{"href":"https:\/\/www.europesays.com\/fr\/wp-json\/wp\/v2\/posts"}],"about":[{"href":"https:\/\/www.europesays.com\/fr\/wp-json\/wp\/v2\/types\/post"}],"author":[{"embeddable":true,"href":"https:\/\/www.europesays.com\/fr\/wp-json\/wp\/v2\/users\/2"}],"replies":[{"embeddable":true,"href":"https:\/\/www.europesays.com\/fr\/wp-json\/wp\/v2\/comments?post=653047"}],"version-history":[{"count":0,"href":"https:\/\/www.europesays.com\/fr\/wp-json\/wp\/v2\/posts\/653047\/revisions"}],"wp:featuredmedia":[{"embeddable":true,"href":"https:\/\/www.europesays.com\/fr\/wp-json\/wp\/v2\/media\/653048"}],"wp:attachment":[{"href":"https:\/\/www.europesays.com\/fr\/wp-json\/wp\/v2\/media?parent=653047"}],"wp:term":[{"taxonomy":"category","embeddable":true,"href":"https:\/\/www.europesays.com\/fr\/wp-json\/wp\/v2\/categories?post=653047"},{"taxonomy":"post_tag","embeddable":true,"href":"https:\/\/www.europesays.com\/fr\/wp-json\/wp\/v2\/tags?post=653047"}],"curies":[{"name":"wp","href":"https:\/\/api.w.org\/{rel}","templated":true}]}}