{"id":653049,"date":"2026-01-10T02:42:20","date_gmt":"2026-01-10T02:42:20","guid":{"rendered":"https:\/\/www.europesays.com\/fr\/653049\/"},"modified":"2026-01-10T02:42:20","modified_gmt":"2026-01-10T02:42:20","slug":"le-village-detretat-sous-les-galets-apres-le-passage-de-la-tempete-goretti","status":"publish","type":"post","link":"https:\/\/www.europesays.com\/fr\/653049\/","title":{"rendered":"le village d&rsquo;\u00c9tretat sous les galets apr\u00e8s le passage de la temp\u00eate Goretti"},"content":{"rendered":"<p>                    Par<br \/>\n        <strong><br \/>\n            <a href=\"https:\/\/actu.fr\/auteur\/eaube\" title=\"Consulter tous les articles de Elo\u00efse Aub\u00e9\" target=\"_blank\" rel=\"noopener\">Elo\u00efse Aub\u00e9<\/a><br \/>\n                    <\/strong><\/p>\n<p>        Publi\u00e9 le<\/p>\n<p>            9 janv. 2026 \u00e0 15h46        <\/p>\n<p>Ils \u00e9taient plusieurs ce matin du vendredi 9\u00a0janvier 2026 \u00e0 d\u00e9blayer les galets de la chauss\u00e9e. Au lendemain du <a href=\"https:\/\/actu.fr\/meteo\/tempete-goretti-transports-degats-suivez-en-temps-reel-la-situation-en-seine-maritime_63673772.html\" target=\"_blank\" rel=\"noopener\">passage de la temp\u00eate Goretti<\/a>, la ville d\u2019<a href=\"https:\/\/actu.fr\/normandie\/etretat_76254\" target=\"_blank\" rel=\"noopener\">\u00c9tretat<\/a> panse ses d\u00e9g\u00e2ts. \u00c0 l\u2019instar de F\u00e9camp, c\u2019est la commune du littoral de Seine-Maritime qui a \u00e9t\u00e9 le plus durement touch\u00e9e par les<strong> forts coups de vent et les vagues g\u00e9antes.<\/strong><\/p>\n<p>Un \u00e9pisode impressionnant<\/p>\n<p class=\" wall-content\">En d\u00e9ambulant dans les rues de la cit\u00e9 baln\u00e9aire, les <strong>galets jonchent le sol<\/strong> et les habitants, ainsi que les services municipaux, commencent doucement \u00e0 d\u00e9blayer ce vendredi matin. Les pompiers veillent sous des vents toujours forts malgr\u00e9 la lev\u00e9e, vers 8\u00a0heures, de la vigilance orange sur l\u2019ensemble du d\u00e9partement. C\u2019est le front de mer qui a subi le plus de d\u00e9g\u00e2ts avec <strong>le casino Joa compl\u00e8tement \u00e9ventr\u00e9<\/strong>. \u00ab\u2009Du mobilier urbain a \u00e9galement \u00e9t\u00e9 d\u00e9plac\u00e9, d\u00e9taille le maire de la commune Andr\u00e9 Baillard, une personne aussi est relog\u00e9e puisqu\u2019un arbre est tomb\u00e9 sur sa maison\u2009\u00bb.<\/p>\n<p class=\" wall-content\">Dans les rues, la stupeur est bel et bien pr\u00e9sente. \u00ab\u2009C\u2019est du jamais-vu\u2009\u00bb, soupire Jo\u00ebl Jacob, maire adjoint, tandis qu\u2019un habitant relate cet \u00e9pisode m\u00e9t\u00e9orologique exceptionnel\u2009:<\/p>\n<blockquote class=\"ac-article-quote wall-content\">\n<p>\u00c7a a vraiment tap\u00e9, c&rsquo;\u00e9tait impressionnant. La premi\u00e8re fois que je vois \u00e7a.<\/p>\n<p>    <strong>Un habitant d&rsquo;\u00c9tretat<\/strong>\n            <\/p><\/blockquote>\n<p>Le bilan de la temp\u00eate Goretti en Seine-Maritime<\/p>\n<p>Au total, 1 000 sapeurs-pompiers ont \u00e9t\u00e9 d\u00e9ploy\u00e9s sur l&rsquo;ensemble du d\u00e9partement et sont intervenus \u00e0 500 reprises, communique la pr\u00e9fecture en fin de journ\u00e9e. Ce matin \u00e0 9 heures, 50 routes \u00e9taient encore interdites d&rsquo;acc\u00e8s le temps de l&rsquo;intervention. Aucun bless\u00e9 n&rsquo;est \u00e0 d\u00e9plorer. 21 personnes sur toute la Seine-Maritime ont eu besoin d&rsquo;un relogement.<\/p>\n<p>La s\u00e9curit\u00e9 avant tout<\/p>\n<p class=\" wall-content\">Le front de mer, les falaises et la plage sont \u2013 \u00e9videmment \u2013 interdits d\u2019acc\u00e8s \u00ab\u2009jusqu\u2019\u00e0 ce que la mer se calme\u2009\u00bb, note l\u2019\u00e9dile de la commune. La s\u00e9curit\u00e9 est de mise m\u00eame si, comme nous avons pu le constater, des promeneurs se trouvaient ce matin m\u00eame, en haut des falaises.<\/p>\n<p class=\" wall-content\">La vigilance jaune pour vents violents est de rigueur jusqu\u2019\u00e0 18\u00a0heures ce vendredi.<\/p>\n<p>Votre r\u00e9gion, votre actu !<\/p>\n<p>Recevez chaque jour les infos qui comptent pour vous.<\/p>\n<p>\t<a href=\"https:\/\/actu.fr\/newsletter\" class=\"ac-btn ac-btn--corner ac-btn--medium ac-btn--blue800\" target=\"_blank\" rel=\"noopener\">S&rsquo;incrire<\/a><br \/>\nSuivez l\u2019actualit\u00e9 du\u00a0Havre sur <a href=\"https:\/\/www.whatsapp.com\/channel\/0029VaFqJYE8aKvLBwVrEe0o\" target=\"_blank\" rel=\"noopener\">notre cha\u00eene WhatsApp<\/a> et sur notre <a href=\"https:\/\/www.tiktok.com\/@76actu.fr?lang=fr\" target=\"_blank\" rel=\"noopener\">compte TikTok<\/a><\/p>\n<p class=\" wall-content\">Personnalisez votre actualit\u00e9 en ajoutant vos villes et m\u00e9dias en favori avec <a href=\"https:\/\/moncompte.actu.fr\" title=\"D\u00e9couvez Mon Actu\" rel=\"nofollow noopener\" data-trk=\"{&quot;cta&quot;:{&quot;action&quot;:&quot;https:\\\/\\\/moncompte.actu.fr&quot;,&quot;category&quot;:&quot;mon compte&quot;,&quot;from&quot;:&quot;article footer&quot;,&quot;name&quot;:&quot;Mon actu&quot;,&quot;type&quot;:&quot;cta&quot;}}\" target=\"_blank\">Mon Actu<\/a>.<\/p>\n<p>                    <script async src=\"\/\/www.tiktok.com\/embed.js\"><\/script><\/p>\n","protected":false},"excerpt":{"rendered":"Par Elo\u00efse Aub\u00e9 Publi\u00e9 le 9 janv. 2026 \u00e0 15h46 Ils \u00e9taient plusieurs ce matin du vendredi 9\u00a0janvier&hellip;\n","protected":false},"author":2,"featured_media":653050,"comment_status":"","ping_status":"","sticky":false,"template":"","format":"standard","meta":{"footnotes":""},"categories":[4],"tags":[11,48664,1011,27,2487,2357,12,25,75296],"class_list":{"0":"post-653049","1":"post","2":"type-post","3":"status-publish","4":"format-standard","5":"has-post-thumbnail","7":"category-france","8":"tag-actualites","9":"tag-falaises-detretat","10":"tag-fr","11":"tag-france","12":"tag-meteo","13":"tag-meteo-france","14":"tag-news","15":"tag-republique-francaise","16":"tag-tempete-goretti"},"share_on_mastodon":{"url":"https:\/\/pubeurope.com\/@fr\/115868502793504418","error":""},"_links":{"self":[{"href":"https:\/\/www.europesays.com\/fr\/wp-json\/wp\/v2\/posts\/653049","targetHints":{"allow":["GET"]}}],"collection":[{"href":"https:\/\/www.europesays.com\/fr\/wp-json\/wp\/v2\/posts"}],"about":[{"href":"https:\/\/www.europesays.com\/fr\/wp-json\/wp\/v2\/types\/post"}],"author":[{"embeddable":true,"href":"https:\/\/www.europesays.com\/fr\/wp-json\/wp\/v2\/users\/2"}],"replies":[{"embeddable":true,"href":"https:\/\/www.europesays.com\/fr\/wp-json\/wp\/v2\/comments?post=653049"}],"version-history":[{"count":0,"href":"https:\/\/www.europesays.com\/fr\/wp-json\/wp\/v2\/posts\/653049\/revisions"}],"wp:featuredmedia":[{"embeddable":true,"href":"https:\/\/www.europesays.com\/fr\/wp-json\/wp\/v2\/media\/653050"}],"wp:attachment":[{"href":"https:\/\/www.europesays.com\/fr\/wp-json\/wp\/v2\/media?parent=653049"}],"wp:term":[{"taxonomy":"category","embeddable":true,"href":"https:\/\/www.europesays.com\/fr\/wp-json\/wp\/v2\/categories?post=653049"},{"taxonomy":"post_tag","embeddable":true,"href":"https:\/\/www.europesays.com\/fr\/wp-json\/wp\/v2\/tags?post=653049"}],"curies":[{"name":"wp","href":"https:\/\/api.w.org\/{rel}","templated":true}]}}