{"id":653061,"date":"2026-01-10T02:50:10","date_gmt":"2026-01-10T02:50:10","guid":{"rendered":"https:\/\/www.europesays.com\/fr\/653061\/"},"modified":"2026-01-10T02:50:10","modified_gmt":"2026-01-10T02:50:10","slug":"un-policier-hors-service-evite-le-drame-a-montpellier","status":"publish","type":"post","link":"https:\/\/www.europesays.com\/fr\/653061\/","title":{"rendered":"un policier hors service \u00e9vite le drame \u00e0 Montpellier"},"content":{"rendered":"<p>                    Par<br \/>\n        <strong><br \/>\n            <a href=\"https:\/\/actu.fr\/auteur\/metropoop\" title=\"Consulter tous les articles de R\u00e9daction M\u00e9tropolitain\" target=\"_blank\" rel=\"noopener\">R\u00e9daction M\u00e9tropolitain<\/a><br \/>\n                    <\/strong><\/p>\n<p>        Publi\u00e9 le<\/p>\n<p>            9 janv. 2026 \u00e0 17h22<br \/>\n        ; mis \u00e0 jour le 9 janv. 2026 \u00e0 17h23    <\/p>\n<p>La sc\u00e8ne s\u2019est d\u00e9roul\u00e9e en d\u00e9but d\u2019apr\u00e8s-midi, <strong>ce vendredi 9 janvier<\/strong>, au c\u0153ur de la gare Saint-Roch de Montpellier. Selon la pr\u00e9fecture de l\u2019H\u00e9rault, un homme a brandi un couteau et a tent\u00e9 de s\u2019en prendre \u00e0 des passants. L\u2019individu a \u00e9t\u00e9 interpell\u00e9 \u00e0 13h48 apr\u00e8s une intervention rapide. Aucun voyageur ni agent n\u2019a \u00e9t\u00e9 bless\u00e9.<\/p>\n<p>    <a href=\"https:\/\/www.google.com\/maps\/embed?pb=!1m18!1m12!1m3!1d2889.1108931170293!2d3.8775695264596535!3d43.60423262110455!2m3!1f0!2f0!3f0!3m2!1i1024!2i768!4f13.1!3m3!1m2!1s0x12b6afa406650bbd%3A0x1766935f25749770!2sMontpellier%20Saint-Roch!5e0!3m2!1sfr!2sfr!4v1767975531590!5m2!1sfr!2sfr\" title=\"Ouvrie le lien\" target=\"_blank\" rel=\"noopener\">Cliquez ici pour visualiser le contenu<\/a><\/p>\n<p class=\" wall-content\">Face \u00e0 la menace, un policier hors mission est intervenu en premier. Sans attendre de renfort, il a immobilis\u00e9 l\u2019homme et l\u2019a d\u00e9sarm\u00e9. La pr\u00e9f\u00e8te de l\u2019H\u00e9rault, Chantal Mauchet, a salu\u00e9 cette action d\u00e9cisive sur le r\u00e9seau social X. \u00ab\u00a0Je salue l\u2019action de ce policier hors service, premier intervenant, qui a mis hors d\u2019\u00e9tat de nuire un individu particuli\u00e8rement mena\u00e7ant.\u00a0\u00bb<\/p>\n<p class=\" wall-content\">\n<p>Le renfort de la s\u00fbret\u00e9 ferroviaire<\/p>\n<p class=\" wall-content\">Apr\u00e8s la ma\u00eetrise initiale, des agents de la s\u00fbret\u00e9 ferroviaire, la SUGE, sont venus appuyer le policier. La pr\u00e9fecture pr\u00e9cise que l\u2019homme \u00e9tait hostile et d\u00e9termin\u00e9, ce qui a justifi\u00e9 une intervention imm\u00e9diate, et a insist\u00e9 sur la rapidit\u00e9 de la r\u00e9ponse. \u00ab\u00a0L\u2019intervention rapide des forces de s\u00e9curit\u00e9 int\u00e9rieure a permis d\u2019emp\u00eacher la survenance de bless\u00e9.\u00a0\u00bb\u00a0<\/p>\n<p class=\" wall-content\">Personnalisez votre actualit\u00e9 en ajoutant vos villes et m\u00e9dias en favori avec <a href=\"https:\/\/moncompte.actu.fr\" title=\"D\u00e9couvez Mon Actu\" rel=\"nofollow noopener\" data-trk=\"{&quot;cta&quot;:{&quot;action&quot;:&quot;https:\\\/\\\/moncompte.actu.fr&quot;,&quot;category&quot;:&quot;mon compte&quot;,&quot;from&quot;:&quot;article footer&quot;,&quot;name&quot;:&quot;Mon actu&quot;,&quot;type&quot;:&quot;cta&quot;}}\" target=\"_blank\">Mon Actu<\/a>.<\/p>\n","protected":false},"excerpt":{"rendered":"Par R\u00e9daction M\u00e9tropolitain Publi\u00e9 le 9 janv. 2026 \u00e0 17h22 ; mis \u00e0 jour le 9 janv. 2026&hellip;\n","protected":false},"author":2,"featured_media":653062,"comment_status":"","ping_status":"","sticky":false,"template":"","format":"standard","meta":{"footnotes":""},"categories":[9599],"tags":[1111,11,1777,674,118,1011,27,2208,12,2680,1072,25,7501],"class_list":{"0":"post-653061","1":"post","2":"type-post","3":"status-publish","4":"format-standard","5":"has-post-thumbnail","7":"category-montpellier","8":"tag-actu","9":"tag-actualites","10":"tag-eu","11":"tag-europe","12":"tag-faits-divers","13":"tag-fr","14":"tag-france","15":"tag-montpellier","16":"tag-news","17":"tag-occitanie","18":"tag-police","19":"tag-republique-francaise","20":"tag-violences-urbaines"},"share_on_mastodon":{"url":"https:\/\/pubeurope.com\/@fr\/115868534252897515","error":""},"_links":{"self":[{"href":"https:\/\/www.europesays.com\/fr\/wp-json\/wp\/v2\/posts\/653061","targetHints":{"allow":["GET"]}}],"collection":[{"href":"https:\/\/www.europesays.com\/fr\/wp-json\/wp\/v2\/posts"}],"about":[{"href":"https:\/\/www.europesays.com\/fr\/wp-json\/wp\/v2\/types\/post"}],"author":[{"embeddable":true,"href":"https:\/\/www.europesays.com\/fr\/wp-json\/wp\/v2\/users\/2"}],"replies":[{"embeddable":true,"href":"https:\/\/www.europesays.com\/fr\/wp-json\/wp\/v2\/comments?post=653061"}],"version-history":[{"count":0,"href":"https:\/\/www.europesays.com\/fr\/wp-json\/wp\/v2\/posts\/653061\/revisions"}],"wp:featuredmedia":[{"embeddable":true,"href":"https:\/\/www.europesays.com\/fr\/wp-json\/wp\/v2\/media\/653062"}],"wp:attachment":[{"href":"https:\/\/www.europesays.com\/fr\/wp-json\/wp\/v2\/media?parent=653061"}],"wp:term":[{"taxonomy":"category","embeddable":true,"href":"https:\/\/www.europesays.com\/fr\/wp-json\/wp\/v2\/categories?post=653061"},{"taxonomy":"post_tag","embeddable":true,"href":"https:\/\/www.europesays.com\/fr\/wp-json\/wp\/v2\/tags?post=653061"}],"curies":[{"name":"wp","href":"https:\/\/api.w.org\/{rel}","templated":true}]}}