{"id":653063,"date":"2026-01-10T02:51:11","date_gmt":"2026-01-10T02:51:11","guid":{"rendered":"https:\/\/www.europesays.com\/fr\/653063\/"},"modified":"2026-01-10T02:51:11","modified_gmt":"2026-01-10T02:51:11","slug":"previsions-du-samedi-10-janvier-2026-5","status":"publish","type":"post","link":"https:\/\/www.europesays.com\/fr\/653063\/","title":{"rendered":"pr\u00e9visions du samedi 10 janvier 2026"},"content":{"rendered":"<p>Aujourd&rsquo;hui, les Montpelli\u00e9rains vont pouvoir profiter d&rsquo;un soleil magnifique. Les temp\u00e9ratures tourneront autour des 7\u00b0C. Un vent de nord-ouest, enregistrant 30 km\/h, soufflera. Les Montpelli\u00e9rains vont avoir froid le matin : les temp\u00e9ratures ne vont pas d\u00e9passer 8\u00b0C. Les valeurs s&rsquo;\u00e9chelonneront entre 5 et 8\u00b0C. Les maximales atteindront les 9\u00b0C dans l&rsquo;apr\u00e8s-midi et les minimales seront de 7\u00b0C. Le ciel va quelque peu se d\u00e9gager dans la soir\u00e9e avec des \u00e9claircies. On pr\u00e9voit des valeurs avoisinant 7\u00b0C. Une nuit claire vous attendra entre samedi et dimanche.<\/p>\n<p>Un bel ensoleillement est pr\u00e9vu demain \u00e0 Montpellier. Les temp\u00e9ratures vont descendre de quelques degr\u00e9s. Le thermom\u00e8tre affichera 6\u00b0C en moyenne. Une petite brise de nord-ouest sera ressentie par les habitants. Les Montpelli\u00e9rains vont avoir froid le matin : les temp\u00e9ratures ne vont pas d\u00e9passer 7\u00b0C. Les valeurs tourneront autour des 4\u00b0C. Demain apr\u00e8s-midi, c&rsquo;est une hausse de quelques degr\u00e9s que vont conna\u00eetre les temp\u00e9ratures. Les valeurs s&rsquo;\u00e9chelonneront de 6 \u00e0 9\u00b0C. Le ciel sera assez lumineux, avec quelques \u00e9claircies demain soir. Il fera 5\u00b0C en moyenne.<\/p>\n<p>Une d\u00e9gradation est pr\u00e9vue les jours qui suivent. Une m\u00e9t\u00e9o pluvieuse, pour des temp\u00e9ratures de 7\u00b0C environ, est \u00e0 pr\u00e9voir.<\/p>\n<p><\/p>\n","protected":false},"excerpt":{"rendered":"Aujourd&rsquo;hui, les Montpelli\u00e9rains vont pouvoir profiter d&rsquo;un soleil magnifique. Les temp\u00e9ratures tourneront autour des 7\u00b0C. Un vent de&hellip;\n","protected":false},"author":2,"featured_media":653064,"comment_status":"","ping_status":"","sticky":false,"template":"","format":"standard","meta":{"footnotes":""},"categories":[9599],"tags":[1111,11,1777,674,1011,27,2208,12,2680,2119,25],"class_list":{"0":"post-653063","1":"post","2":"type-post","3":"status-publish","4":"format-standard","5":"has-post-thumbnail","7":"category-montpellier","8":"tag-actu","9":"tag-actualites","10":"tag-eu","11":"tag-europe","12":"tag-fr","13":"tag-france","14":"tag-montpellier","15":"tag-news","16":"tag-occitanie","17":"tag-previsions-meteo","18":"tag-republique-francaise"},"share_on_mastodon":{"url":"https:\/\/pubeurope.com\/@fr\/115868538172240403","error":""},"_links":{"self":[{"href":"https:\/\/www.europesays.com\/fr\/wp-json\/wp\/v2\/posts\/653063","targetHints":{"allow":["GET"]}}],"collection":[{"href":"https:\/\/www.europesays.com\/fr\/wp-json\/wp\/v2\/posts"}],"about":[{"href":"https:\/\/www.europesays.com\/fr\/wp-json\/wp\/v2\/types\/post"}],"author":[{"embeddable":true,"href":"https:\/\/www.europesays.com\/fr\/wp-json\/wp\/v2\/users\/2"}],"replies":[{"embeddable":true,"href":"https:\/\/www.europesays.com\/fr\/wp-json\/wp\/v2\/comments?post=653063"}],"version-history":[{"count":0,"href":"https:\/\/www.europesays.com\/fr\/wp-json\/wp\/v2\/posts\/653063\/revisions"}],"wp:featuredmedia":[{"embeddable":true,"href":"https:\/\/www.europesays.com\/fr\/wp-json\/wp\/v2\/media\/653064"}],"wp:attachment":[{"href":"https:\/\/www.europesays.com\/fr\/wp-json\/wp\/v2\/media?parent=653063"}],"wp:term":[{"taxonomy":"category","embeddable":true,"href":"https:\/\/www.europesays.com\/fr\/wp-json\/wp\/v2\/categories?post=653063"},{"taxonomy":"post_tag","embeddable":true,"href":"https:\/\/www.europesays.com\/fr\/wp-json\/wp\/v2\/tags?post=653063"}],"curies":[{"name":"wp","href":"https:\/\/api.w.org\/{rel}","templated":true}]}}