{"id":653087,"date":"2026-01-10T03:10:19","date_gmt":"2026-01-10T03:10:19","guid":{"rendered":"https:\/\/www.europesays.com\/fr\/653087\/"},"modified":"2026-01-10T03:10:19","modified_gmt":"2026-01-10T03:10:19","slug":"angers-sco-toulouse-fc-le-groupe","status":"publish","type":"post","link":"https:\/\/www.europesays.com\/fr\/653087\/","title":{"rendered":"Angers SCO &#8211; Toulouse FC : Le groupe"},"content":{"rendered":"\n<p class=\"has-text-align-center\"><strong>D\u00e9couvrez le groupe Noir&amp;Blanc convoqu\u00e9 pour la r\u00e9ception du Toulouse FC en Coupe de France !<\/strong><\/p>\n<p><a href=\"https:\/\/angers-sco.fr\/wp-content\/uploads\/2026\/01\/dsc00231-2-scaled.jpg\" target=\"_blank\" rel=\"noopener\"><img fetchpriority=\"high\" decoding=\"async\" width=\"1024\" height=\"683\" src=\"https:\/\/www.europesays.com\/fr\/wp-content\/uploads\/2026\/01\/dsc00231-2-1024x683.jpg\" alt=\"\" class=\"wp-image-54819\"  \/><\/a><\/p>\n<p><strong>Le groupe convoqu\u00e9 :<\/strong><\/p>\n<p><strong>Gardiens :<\/strong><\/p>\n<p>M. Zinga \u2013 O. Pona<\/p>\n<p><strong>D\u00e9fenseurs :<\/strong><\/p>\n<p>J. Ekomie \u2013 E. Biumla \u2013 D. Sinat\u00e9 \u2013 J. Lefort \u2013 F. Hanin \u2013 A. Bamba \u2013 C. Arcus<\/p>\n<p><strong>Milieux :<\/strong><\/p>\n<p>P. Capelle \u2013 L. Mouton \u2013 Y. Belkhdim \u2013 H. Belkebla \u2013 M. Courcoul \u2013 A. Moussaoui<\/p>\n<p><strong>Attaquants :<\/strong><\/p>\n<p>P. Peter \u2013 L. Machine \u2013 S. Cherif \u2013 A. Sba\u00ef \u2013 L. Raolisoa<\/p>\n","protected":false},"excerpt":{"rendered":"D\u00e9couvrez le groupe Noir&amp;Blanc convoqu\u00e9 pour la r\u00e9ception du Toulouse FC en Coupe de France ! Le groupe&hellip;\n","protected":false},"author":2,"featured_media":653088,"comment_status":"","ping_status":"","sticky":false,"template":"","format":"standard","meta":{"footnotes":""},"categories":[2816],"tags":[1111,11,1777,674,1011,27,12,2680,25,2312],"class_list":{"0":"post-653087","1":"post","2":"type-post","3":"status-publish","4":"format-standard","5":"has-post-thumbnail","7":"category-toulouse","8":"tag-actu","9":"tag-actualites","10":"tag-eu","11":"tag-europe","12":"tag-fr","13":"tag-france","14":"tag-news","15":"tag-occitanie","16":"tag-republique-francaise","17":"tag-toulouse"},"share_on_mastodon":{"url":"https:\/\/pubeurope.com\/@fr\/115868612895734528","error":""},"_links":{"self":[{"href":"https:\/\/www.europesays.com\/fr\/wp-json\/wp\/v2\/posts\/653087","targetHints":{"allow":["GET"]}}],"collection":[{"href":"https:\/\/www.europesays.com\/fr\/wp-json\/wp\/v2\/posts"}],"about":[{"href":"https:\/\/www.europesays.com\/fr\/wp-json\/wp\/v2\/types\/post"}],"author":[{"embeddable":true,"href":"https:\/\/www.europesays.com\/fr\/wp-json\/wp\/v2\/users\/2"}],"replies":[{"embeddable":true,"href":"https:\/\/www.europesays.com\/fr\/wp-json\/wp\/v2\/comments?post=653087"}],"version-history":[{"count":0,"href":"https:\/\/www.europesays.com\/fr\/wp-json\/wp\/v2\/posts\/653087\/revisions"}],"wp:featuredmedia":[{"embeddable":true,"href":"https:\/\/www.europesays.com\/fr\/wp-json\/wp\/v2\/media\/653088"}],"wp:attachment":[{"href":"https:\/\/www.europesays.com\/fr\/wp-json\/wp\/v2\/media?parent=653087"}],"wp:term":[{"taxonomy":"category","embeddable":true,"href":"https:\/\/www.europesays.com\/fr\/wp-json\/wp\/v2\/categories?post=653087"},{"taxonomy":"post_tag","embeddable":true,"href":"https:\/\/www.europesays.com\/fr\/wp-json\/wp\/v2\/tags?post=653087"}],"curies":[{"name":"wp","href":"https:\/\/api.w.org\/{rel}","templated":true}]}}