{"id":653120,"date":"2026-01-10T03:29:13","date_gmt":"2026-01-10T03:29:13","guid":{"rendered":"https:\/\/www.europesays.com\/fr\/653120\/"},"modified":"2026-01-10T03:29:13","modified_gmt":"2026-01-10T03:29:13","slug":"sans-la-france-lunion-europeenne-donne-son-feu-vert-a-laccord-de-libre-echange-avec-le-mercosur","status":"publish","type":"post","link":"https:\/\/www.europesays.com\/fr\/653120\/","title":{"rendered":"Sans la France, l\u2019Union europ\u00e9enne donne son feu vert \u00e0 l\u2019accord de libre-\u00e9change avec le Mercosur"},"content":{"rendered":"<p>Apr\u00e8s plus de vingt-cinq ans de n\u00e9gociations, l\u2019Union europ\u00e9enne a donn\u00e9 son feu vert \u00e0 l\u2019accord de libre-\u00e9change avec le Mercosur vendredi, malgr\u00e9 la col\u00e8re des agriculteurs et l\u2019opposition de la France. La pr\u00e9sidente de la Commission europ\u00e9enne, Ursula von der Leyen, a salu\u00e9 un \u00abaccord historique\u00bb avec l\u2019Am\u00e9rique latine, qu\u2019elle a \u00abh\u00e2te\u00bb de parapher. Selon le gouvernement argentin, cette signature est pr\u00e9vue le 17\u00a0janvier au Paraguay.<\/p>\n<p>Ce trait\u00e9 entre l\u2019UE, l\u2019Argentine, le Br\u00e9sil, le Paraguay et l\u2019Uruguay cr\u00e9erait l\u2019une des plus grandes zones de libre-\u00e9change au monde, de plus de 700\u00a0millions de consommateurs. Sa ratification d\u00e9pend encore d\u2019un vote du Parlement europ\u00e9en, probablement en f\u00e9vrier ou en mars. Le scrutin pourrait \u00eatre serr\u00e9, alors que la contestation agricole s\u2019amplifie.<\/p>\n<p>  <a class=\"glightbox\" href=\"https:\/\/www.letemps.ch\/placeholder.png\" data-type=\"image\" data-description=\"Dans les rues de Varsovie, ce vendredi 9\u00a0janvier 2026. \u2014 \u00a9 WOJTEK RADWANSKI \/ AFP\" data- target=\"_blank\" rel=\"noopener\"><\/p>\n<p>      <img decoding=\"async\" class=\"lazy\" title=\"Dans les rues de Varsovie, ce vendredi 9\u00a0janvier 2026. \u2014 \u00a9 WOJTEK RADWANSKI \/ AFP\" alt=\"Dans les rues de Varsovie, ce vendredi 9\u00a0janvier 2026. \u2014 \u00a9 WOJTEK RADWANSKI \/ AFP\" src=\"https:\/\/www.europesays.com\/fr\/wp-content\/uploads\/2026\/01\/large.jpeg\"\/><\/p>\n<p>  <\/a><br \/>\n  Dans les rues de Varsovie, ce vendredi 9\u00a0janvier 2026. \u2014 \u00a9 WOJTEK RADWANSKI \/ AFP<\/p>\n<p>La FNSEA, premier syndicat agricole fran\u00e7ais, a promis un grand rassemblement le 20\u00a0janvier \u00e0 Strasbourg, devant le si\u00e8ge du Parlement europ\u00e9en. Vendredi, des manifestations ont eu lieu en Pologne et en Italie et la mobilisation s\u2019est poursuivie en France. Une cinquantaine de tracteurs d\u2019agriculteurs fran\u00e7ais et allemands ont bloqu\u00e9 le Pont de l\u2019Europe reliant Strasbourg \u00e0 Kehl, de l\u2019autre c\u00f4t\u00e9 du Rhin. Deux autoroutes \u00e0 la fronti\u00e8re franco-belge \u00e9taient \u00e9galement bloqu\u00e9es, ainsi qu\u2019un d\u00e9p\u00f4t p\u00e9trolier dans le Nord de la France. Des agriculteurs et leurs tracteurs \u00e9taient aussi \u00e0 Paris pour d\u00e9noncer le Mercosur, le prix des engrais et la gestion gouvernementale de l\u2019\u00e9pizootie de dermatose nodulaire contagieuse (DNC) chez les bovins.<\/p>\n<p>Lire aussi: <a href=\"https:\/\/www.letemps.ch\/articles\/les-cinq-leviers-de-la-france-pour-calmer-ses-agriculteurs-malgre-l-adoption-humiliante-du-mercosur-par-l-ue\" target=\"_blank\" rel=\"noopener\">Les cinq leviers de la France pour calmer ses agriculteurs malgr\u00e9 l\u2019adoption humiliante du Mercosur par l\u2019UE<\/a>  <\/p>\n<p>Soutien d\u00e9cisif de l&rsquo;Italie<\/p>\n<p>A Bruxelles vendredi, une majorit\u00e9 d\u2019Etats europ\u00e9ens a donn\u00e9 son aval \u00e0 cet accord avec le Mercosur, gr\u00e2ce au soutien d\u00e9cisif de l\u2019Italie. La cheffe du gouvernement italien Giorgia Meloni vante un \u00ab\u00e9quilibre\u00bb entre les b\u00e9n\u00e9fices pour les industriels et les \u00abgaranties\u00bb apport\u00e9es aux agriculteurs. En Allemagne, le chancelier Friedrich Merz a salu\u00e9 un \u00absignal fort\u00bb, qui soulage l\u2019industrie automobile, d\u00e9boussol\u00e9e par les droits de douane des \u00c9tats-Unis et la concurrence chinoise. Comme la Hongrie, la Pologne, l\u2019Irlande et l\u2019Autriche, la France s\u2019est oppos\u00e9e \u00e0 cet accord \u00abd\u2019un autre \u00e2ge\u00bb, n\u00e9goci\u00e9 depuis 1999. Elle compte poursuivre la bataille au Parlement europ\u00e9en et s\u2019alarme d\u2019une \u00e9ventuelle application du trait\u00e9 avant sa ratification \u00e0 Strasbourg.<\/p>\n<p>Cent-cinquante eurod\u00e9put\u00e9s, sur 720, ont en outre appel\u00e9 \u00e0 saisir la justice pour tenter de suspendre l\u2019accord. Pour ses d\u00e9tracteurs, ce trait\u00e9 va bousculer l\u2019agriculture europ\u00e9enne avec des produits moins chers et pas forc\u00e9ment respectueux des normes de l\u2019UE, faute de contr\u00f4les suffisants. Pour ses thurif\u00e9raires, il va permettre au contraire de relancer une \u00e9conomie europ\u00e9enne \u00e0 la peine, et de \u00abrenforcer l\u2019autonomie strat\u00e9gique\u00bb de l\u2019UE, s\u2019est f\u00e9licit\u00e9 le gouvernement espagnol. En supprimant une large part des droits de douane, cet accord favorise les exportations europ\u00e9ennes de voitures, de machines, de vins et de fromages. Dans le sens inverse, il facilite l\u2019entr\u00e9e en Europe de boeuf, de volaille, sucre, riz, miel et soja sud-am\u00e9ricains, avec des quotas de produits d\u00e9tax\u00e9s qui inqui\u00e8tent les fili\u00e8res concern\u00e9es.<\/p>\n<p>\u00ab\u00c9chec diplomatique\u00bb fran\u00e7ais<\/p>\n<p>Le retour de Donald Trump \u00e0 la Maison Blanche a donn\u00e9 un argument suppl\u00e9mentaire aux partisans de l\u2019accord. L\u2019Union europ\u00e9enne doit diversifier ses partenariats commerciaux, mart\u00e8le ainsi la Commission. C\u2019est un \u00abjour historique pour le multilat\u00e9ralisme\u00bb, s\u2019est aussi r\u00e9joui le pr\u00e9sident br\u00e9silien Lula. Dans l\u2019espoir d\u2019amadouer les agriculteurs, Bruxelles a encha\u00een\u00e9 les concessions ces derniers mois, dont des garanties renforc\u00e9es pour les produits les plus sensibles. Sur ce volet, les Vingt-Sept se sont align\u00e9s vendredi sur la position mieux-disante du Parlement europ\u00e9en pour prot\u00e9ger les agriculteurs en cas de d\u00e9stabilisation du march\u00e9. Mais rien n\u2019y a fait, la col\u00e8re agricole est repartie de plus belle.<\/p>\n<p>En France, emp\u00eatr\u00e9e dans l\u2019instabilit\u00e9 politique, Emmanuel Macron a paru h\u00e9siter au sujet de ce trait\u00e9 avec le Mercosur, \u00abpas acceptable en l\u2019\u00e9tat\u00bb. Mais la pression \u00e9tait trop forte, avec la menace de la droite de faire tomber le gouvernement en cas de soutien \u00e0 l\u2019accord. Et malgr\u00e9 le non d\u2019Emmanuel Macron au Mercosur, l\u2019extr\u00eame droite fran\u00e7aise a annonc\u00e9 deux motions de censure \u00e0 l\u2019Assembl\u00e9e nationale et au Parlement europ\u00e9en, aux faibles chances d\u2019aboutir. La gauche radicale a \u00e9galement annonc\u00e9 le d\u00e9p\u00f4t d\u2019une motion de censure \u00e0 l\u2019Assembl\u00e9e.<\/p>\n<p>L\u2019UE va aller signer un accord commercial contre l\u2019avis de la premi\u00e8re puissance agricole europ\u00e9enne, une situation quasiment in\u00e9dite. Certes, Paris souligne avoir pes\u00e9 pour obtenir des gestes en faveur des agriculteurs. Mais c\u2019est \u00abun \u00e9chec diplomatique et tactique\u00bb, cingle un ancien ministre fran\u00e7ais, anonymement.<\/p>\n<p>Lire aussi: <a href=\"https:\/\/www.letemps.ch\/articles\/accord-avec-le-mercosur-les-dessous-d-une-opposition-francaise\" target=\"_blank\" rel=\"noopener\">Accord avec le Mercosur, les dessous d\u2019une opposition fran\u00e7aise<\/a>  <\/p>\n","protected":false},"excerpt":{"rendered":"Apr\u00e8s plus de vingt-cinq ans de n\u00e9gociations, l\u2019Union europ\u00e9enne a donn\u00e9 son feu vert \u00e0 l\u2019accord de libre-\u00e9change&hellip;\n","protected":false},"author":2,"featured_media":653121,"comment_status":"","ping_status":"","sticky":false,"template":"","format":"standard","meta":{"footnotes":""},"categories":[1586],"tags":[11,1777,674,1779,1011,27,4438,12,25,1778,364],"class_list":{"0":"post-653120","1":"post","2":"type-post","3":"status-publish","4":"format-standard","5":"has-post-thumbnail","7":"category-europe","8":"tag-actualites","9":"tag-eu","10":"tag-europe","11":"tag-european-union","12":"tag-fr","13":"tag-france","14":"tag-free","15":"tag-news","16":"tag-republique-francaise","17":"tag-ue","18":"tag-union-europeenne"},"share_on_mastodon":{"url":"https:\/\/pubeurope.com\/@fr\/115868687702470112","error":""},"_links":{"self":[{"href":"https:\/\/www.europesays.com\/fr\/wp-json\/wp\/v2\/posts\/653120","targetHints":{"allow":["GET"]}}],"collection":[{"href":"https:\/\/www.europesays.com\/fr\/wp-json\/wp\/v2\/posts"}],"about":[{"href":"https:\/\/www.europesays.com\/fr\/wp-json\/wp\/v2\/types\/post"}],"author":[{"embeddable":true,"href":"https:\/\/www.europesays.com\/fr\/wp-json\/wp\/v2\/users\/2"}],"replies":[{"embeddable":true,"href":"https:\/\/www.europesays.com\/fr\/wp-json\/wp\/v2\/comments?post=653120"}],"version-history":[{"count":0,"href":"https:\/\/www.europesays.com\/fr\/wp-json\/wp\/v2\/posts\/653120\/revisions"}],"wp:featuredmedia":[{"embeddable":true,"href":"https:\/\/www.europesays.com\/fr\/wp-json\/wp\/v2\/media\/653121"}],"wp:attachment":[{"href":"https:\/\/www.europesays.com\/fr\/wp-json\/wp\/v2\/media?parent=653120"}],"wp:term":[{"taxonomy":"category","embeddable":true,"href":"https:\/\/www.europesays.com\/fr\/wp-json\/wp\/v2\/categories?post=653120"},{"taxonomy":"post_tag","embeddable":true,"href":"https:\/\/www.europesays.com\/fr\/wp-json\/wp\/v2\/tags?post=653120"}],"curies":[{"name":"wp","href":"https:\/\/api.w.org\/{rel}","templated":true}]}}