{"id":65315,"date":"2025-04-30T21:16:09","date_gmt":"2025-04-30T21:16:09","guid":{"rendered":"https:\/\/www.europesays.com\/fr\/65315\/"},"modified":"2025-04-30T21:16:09","modified_gmt":"2025-04-30T21:16:09","slug":"quest-ce-que-ce-concours-mis-en-place-par-la-russie-face-a-leurovision","status":"publish","type":"post","link":"https:\/\/www.europesays.com\/fr\/65315\/","title":{"rendered":"qu&rsquo;est-ce que ce concours mis en place par la Russie face \u00e0 l&rsquo;Eurovision ?"},"content":{"rendered":"<p class=\"article-p mdl\">Vladimir Poutine avait sign\u00e9 ce lundi 3 f\u00e9vrier un d\u00e9cret sur l&rsquo;<strong>organisation d&rsquo;un concours international de musique baptis\u00e9 \u00ab\u00a0Intervision\u00a0\u00bb<\/strong>, pour concurrencer l&rsquo;Eurovision, apr\u00e8s son exclusion du concours en 2022, \u00e0 la suite de son offensive en Ukraine.<\/p>\n<p class=\"article-p mdl\">Les organisateurs ont annonc\u00e9, mercredi 30 avril, que ce\u00a0<a class=\"link\" href=\"https:\/\/www.rtl.fr\/actu\/international\/eurovision-poutine-annonce-creer-un-concours-de-musique-concurrent-baptise-intervision-7900469224\" title=\"Eurovision : Poutine annonce cr\u00e9er un concours de musique concurrent baptis\u00e9 &quot;Intervision&quot;\" target=\"_blank\" rel=\"noopener\">concours<\/a>\u00a0<strong>se tiendra \u00e0 Moscou le 20 septembre<\/strong>.\u00a0Il est destin\u00e9 \u00e0 devenir \u00ab\u00a0l&rsquo;un des \u00e9v\u00e9nements cl\u00e9s et de grande envergure de la sc\u00e8ne musicale mondiale\u00a0\u00bb, dans le \u00ab\u00a0respect mutuel de l&rsquo;identit\u00e9 nationale et des traditions des pays participants\u00a0\u00bb.<\/p>\n<p class=\"article-p mdl\">Selon son site internet, <strong>une vingtaine de pays ont confirm\u00e9 leur participation<\/strong> dont des alli\u00e9s (B\u00e9larus, Arm\u00e9nie, Kazakhstan) et partenaires (Chine, Inde, Br\u00e9sil, Iran) traditionnels de la\u00a0<a class=\"link\" href=\"https:\/\/www.rtl.fr\/actu\/international\/apt28-pourquoi-la-france-a-brise-un-tabou-en-accusant-pour-la-premiere-fois-la-russie-de-cyberattaques-7900499931\" title=\"APT28 : pourquoi la France a bris\u00e9 un tabou en accusant pour la premi\u00e8re fois la Russie de cyberattaques\" target=\"_blank\" rel=\"noopener\">Russie<\/a>\u00a0et d&rsquo;autres pays tels que l&rsquo;Arabie Saoudite, l&rsquo;Egypte, le Mexique ou la Tha\u00eflande.<\/p>\n<p class=\"article-p mdl\">Un concours portant ce nom \u00e9tait <strong>d\u00e9j\u00e0 organis\u00e9 \u00e0 l&rsquo;\u00e9poque sovi\u00e9tique<\/strong> entre les pays alli\u00e9s de l&rsquo;URSS. Il a \u00e9t\u00e9 organis\u00e9 dans les ann\u00e9es 1960 et 1970, principalement avec des pays du bloc de l&rsquo;Est, dont la Pologne et la Tch\u00e9coslovaquie.<\/p>\n<p>    La r\u00e9daction vous recommande<\/p>\n<p class=\"s-newsletter__title\">\n                L\u2019actualit\u00e9 par la r\u00e9daction de RTL dans votre bo\u00eete mail.\n            <\/p>\n<p class=\"s-newsletter__subtitle\">\n                Gr\u00e2ce \u00e0 votre compte RTL abonnez-vous \u00e0 la newsletter RTL info pour suivre toute l&rsquo;actualit\u00e9 au quotidien\n            <\/p>\n<p>\n                                    Lire la suite\n                                <\/p>\n","protected":false},"excerpt":{"rendered":"Vladimir Poutine avait sign\u00e9 ce lundi 3 f\u00e9vrier un d\u00e9cret sur l&rsquo;organisation d&rsquo;un concours international de musique baptis\u00e9&hellip;\n","protected":false},"author":2,"featured_media":65316,"comment_status":"","ping_status":"","sticky":false,"template":"","format":"standard","meta":{"footnotes":""},"categories":[1591],"tags":[11,2399,1887,107,12,1885,1886,132],"class_list":{"0":"post-65315","1":"post","2":"type-post","3":"status-publish","4":"format-standard","5":"has-post-thumbnail","7":"category-russie","8":"tag-actualites","9":"tag-eurovision","10":"tag-federation-de-russie","11":"tag-fil-info","12":"tag-news","13":"tag-russia","14":"tag-russian-federation","15":"tag-russie"},"share_on_mastodon":{"url":"https:\/\/pubeurope.com\/@fr\/114428994134309391","error":""},"_links":{"self":[{"href":"https:\/\/www.europesays.com\/fr\/wp-json\/wp\/v2\/posts\/65315","targetHints":{"allow":["GET"]}}],"collection":[{"href":"https:\/\/www.europesays.com\/fr\/wp-json\/wp\/v2\/posts"}],"about":[{"href":"https:\/\/www.europesays.com\/fr\/wp-json\/wp\/v2\/types\/post"}],"author":[{"embeddable":true,"href":"https:\/\/www.europesays.com\/fr\/wp-json\/wp\/v2\/users\/2"}],"replies":[{"embeddable":true,"href":"https:\/\/www.europesays.com\/fr\/wp-json\/wp\/v2\/comments?post=65315"}],"version-history":[{"count":0,"href":"https:\/\/www.europesays.com\/fr\/wp-json\/wp\/v2\/posts\/65315\/revisions"}],"wp:featuredmedia":[{"embeddable":true,"href":"https:\/\/www.europesays.com\/fr\/wp-json\/wp\/v2\/media\/65316"}],"wp:attachment":[{"href":"https:\/\/www.europesays.com\/fr\/wp-json\/wp\/v2\/media?parent=65315"}],"wp:term":[{"taxonomy":"category","embeddable":true,"href":"https:\/\/www.europesays.com\/fr\/wp-json\/wp\/v2\/categories?post=65315"},{"taxonomy":"post_tag","embeddable":true,"href":"https:\/\/www.europesays.com\/fr\/wp-json\/wp\/v2\/tags?post=65315"}],"curies":[{"name":"wp","href":"https:\/\/api.w.org\/{rel}","templated":true}]}}