{"id":653150,"date":"2026-01-10T03:52:10","date_gmt":"2026-01-10T03:52:10","guid":{"rendered":"https:\/\/www.europesays.com\/fr\/653150\/"},"modified":"2026-01-10T03:52:10","modified_gmt":"2026-01-10T03:52:10","slug":"leurope-finit-dans-le-vert-avec-le-secteur-minier-wall-street-bien-orientee-apres-lemploi-boursorama","status":"publish","type":"post","link":"https:\/\/www.europesays.com\/fr\/653150\/","title":{"rendered":"L&#039;Europe finit dans le vert avec le secteur minier, Wall Street bien orient\u00e9e apr\u00e8s l&#039;emploi &#8211; Boursorama"},"content":{"rendered":"<ol>\n<li><a href=\"https:\/\/news.google.com\/rss\/articles\/CBMi_gFBVV95cUxNS2hJTktoUG5DNlg4cWVFb05BczR3MEpMcGE2RTlUSHpFRkJqVEFOU2lHWnRQRzdQY3dZYl9zYU5kZ2p1bVJJTjZ6bk9oNXUyNzdlUExIbXNzeS1jYzFMaWNxNy1qdWdHYThZbW02dTdfLVZMODlIWlhGUzU4b0V4UXFrdHBxNEMxZkgyUWlKT0l0a1FtN1FYTnFZNkJpZXFraTh0MW04Y0Jac0I0bkpBbUJ6MDJhRHA3aWk5Z2tUVUV3SGFlelJscnU4OEJIY0FOazRLSlZoejdmbG1ZMFFrUno0bUdCWW03Uks1ckZJQU9pNFM2UjBzQWFSbG1OQdIBgwJBVV95cUxNSEJkTFlSU2tWVXdDM0hVR2t5dnVBYWgySS1qaC1uUkpkVGhqUDhIQTgyai1YMUpfSDZZUXpodFRaWlVEVFhlekhVNUZfcWFrSzBTRk1PdlM2c0JCeU9PRURnSDN0clZrY0h1WWRTNlZMbU1aMXk5QjJ3RGJYcEs4UEphamFWTEhUVHl6bC0zcFVuUko5NFh5UVhqM18xOVY2SWpLR3NCRzdpRnlVb2EzTV83dktJb2xxSlZaN01lR01YdFlUdk5vSUd4aGRJb0hTenRPVm44UUJKN1ZEdm5QY2E3ZnhLaGh5TWlZQ21PcEN6S2dqZVRxMXdHQWV6NXdGR1pv?oc=5\" target=\"_blank\" rel=\"noopener\">L&rsquo;Europe finit dans le vert avec le secteur minier, Wall Street bien orient\u00e9e apr\u00e8s l&#8217;emploi<\/a>&nbsp;&nbsp;Boursorama<\/li>\n<li><a href=\"https:\/\/news.google.com\/rss\/articles\/CBMixwFBVV95cUxQZnYwMVRfRFFOZk5FR0JfaVZMUFRCVHNyUW4wM3NpUnM4dTExNnFvV0kyRndaMmN3U2tVcUx6QmlGaFVWcGwtU0NQY1dkTC1LWWdXR1Nmd3huMndVUFplSWlUVng2T1pUUjdfNzlJMnpELXlaT3E0Q1pDdjVlVWxaZlpmSWpZMTFoY1NMOGU2dG1CR1hvd0lxN2xOVThWdzk5dXFMQ09XSUc4bFoyUkdjdnVIenBlLU9GSDlKQnY5aUF5aU94OTg0?oc=5\" target=\"_blank\" rel=\"noopener\">L&rsquo;Europe ouvre dans le vert avec les donn\u00e9es \u00e9conomiques<\/a>&nbsp;&nbsp;Les Echos<\/li>\n<li><a href=\"https:\/\/news.google.com\/rss\/articles\/CBMi8gFBVV95cUxOc281Q1VQX2JlNDRhQUJ5Q1RmTHBtS0RtZWlDdjkxVjgza0pSWFR2bGs5bDRiRmhBN1hrWS1qTkZkNUwzbXdycmdTc0lFQm9qaXlXajU3LWwyRlVpVUpjX0J4NW80VDZpVlhpX1dURkdPM0gzUFdwcUlTR2daZWp6ZHVCMWVNYTZkWm03ZjYyVkVGNWlpZUpSSk5qQWhBUlZZNE45M0JDSi1DUHVMdmVOMG5pSnlkM2hCOG1yZ2Jzc3RkV2l3elhsR0p0S3FjLTZRczR3YlBNQ04yU2wwZmM4ZWdQT2FMZnRaZ19mcVF0RGI5dw?oc=5\" target=\"_blank\" rel=\"noopener\">Les actions europ\u00e9ennes en l\u00e9g\u00e8re hausse; rapport sur l\u2019emploi am\u00e9ricain et d\u00e9cision sur les tarifs douaniers en ligne de mire<\/a>&nbsp;&nbsp;Investing.com France<\/li>\n<li><a href=\"https:\/\/news.google.com\/rss\/articles\/CBMingFBVV95cUxQQ191Szc3M1JrRURBV3hNRXEtdjZoOWpTcWRQY1ZyU3BDMDI3Nzl6dUNmVHRlazhaaXNMdXZ2UkkwTFNxU205WWxuaU5aMU10S1RyT0s0ODFaR1Y0bDItaXgtaVFGMEJod0tmSU92ajF4OU5IbTVURjFQVFNZdWUtVVU1bGpPQkhENlQ1ZFIzc3dncmFFUnlWN0dYbURZUdIBowFBVV95cUxPQ3h3WkdKWDgwemoyUHJNWjd1b0JrYjdBQURFNzdiZzRjM2l5ZF9DQmxGT055UUdYLWlwekRTdFdGaVFGMWw2WVcwQWY5N2U5RnM3OVZEYXFpZHFFaFhtQkZoWXVCY3dQMy1RZkR3dG9WZnVMaXZKTllnR0RuZmJYM2t3TnE5aWxXQTNXTElKdFZlNmR4Vkg2ek5OTmpGeWNpSUVn?oc=5\" target=\"_blank\" rel=\"noopener\">Europe : les Bourses en ordre dispers\u00e9 \u00e0 la mi-s\u00e9ance&#8230;<\/a>&nbsp;&nbsp;Fortuneo<\/li>\n<li><a href=\"https:\/\/news.google.com\/rss\/articles\/CBMi4gFBVV95cUxQOVMyNVo5eExlbzVQYVRXSmZkR291cWl2X2oxeTNnR0E5NEJwWUlpeTExUlM3VmQ5Z3d5U2VidHA1a293R0tPWHdIQmdZeC1lUFN0T3I5MHF5bWdzR2hTa3JEUXZGNUVGR0N5aWVrUEJfV0hPUUZaRkNWUUZXaU1VUUl5QzRSSXBTV0dBellVRG1CXzlLT1lHUEVoZTZHUHh0VVUyRDBSUnk1d3h2SzNGZWZ4ZkFURGtpLXRYc1pwVHBiWEtnclpaMUtLczFNbUtDQi0tSmJ2cFk4aktZbmVvUUdn?oc=5\" target=\"_blank\" rel=\"noopener\">Point march\u00e9s-L&rsquo;Europe cl\u00f4ture en ordre dispers\u00e9, les valeurs de la d\u00e9fense au plus haut<\/a>&nbsp;&nbsp;Zonebourse<\/li>\n<\/ol>\n","protected":false},"excerpt":{"rendered":"L&rsquo;Europe finit dans le vert avec le secteur minier, Wall Street bien orient\u00e9e apr\u00e8s l&#8217;emploi&nbsp;&nbsp;Boursorama L&rsquo;Europe ouvre dans&hellip;\n","protected":false},"author":2,"featured_media":395849,"comment_status":"","ping_status":"","sticky":false,"template":"","format":"standard","meta":{"footnotes":""},"categories":[6],"tags":[35,33,34,1011,27],"class_list":{"0":"post-653150","1":"post","2":"type-post","3":"status-publish","4":"format-standard","5":"has-post-thumbnail","7":"category-economie","8":"tag-business","9":"tag-economie","10":"tag-economy","11":"tag-fr","12":"tag-france"},"share_on_mastodon":{"url":"https:\/\/pubeurope.com\/@fr\/115868778173255410","error":""},"_links":{"self":[{"href":"https:\/\/www.europesays.com\/fr\/wp-json\/wp\/v2\/posts\/653150","targetHints":{"allow":["GET"]}}],"collection":[{"href":"https:\/\/www.europesays.com\/fr\/wp-json\/wp\/v2\/posts"}],"about":[{"href":"https:\/\/www.europesays.com\/fr\/wp-json\/wp\/v2\/types\/post"}],"author":[{"embeddable":true,"href":"https:\/\/www.europesays.com\/fr\/wp-json\/wp\/v2\/users\/2"}],"replies":[{"embeddable":true,"href":"https:\/\/www.europesays.com\/fr\/wp-json\/wp\/v2\/comments?post=653150"}],"version-history":[{"count":0,"href":"https:\/\/www.europesays.com\/fr\/wp-json\/wp\/v2\/posts\/653150\/revisions"}],"wp:featuredmedia":[{"embeddable":true,"href":"https:\/\/www.europesays.com\/fr\/wp-json\/wp\/v2\/media\/395849"}],"wp:attachment":[{"href":"https:\/\/www.europesays.com\/fr\/wp-json\/wp\/v2\/media?parent=653150"}],"wp:term":[{"taxonomy":"category","embeddable":true,"href":"https:\/\/www.europesays.com\/fr\/wp-json\/wp\/v2\/categories?post=653150"},{"taxonomy":"post_tag","embeddable":true,"href":"https:\/\/www.europesays.com\/fr\/wp-json\/wp\/v2\/tags?post=653150"}],"curies":[{"name":"wp","href":"https:\/\/api.w.org\/{rel}","templated":true}]}}