{"id":65317,"date":"2025-04-30T21:17:07","date_gmt":"2025-04-30T21:17:07","guid":{"rendered":"https:\/\/www.europesays.com\/fr\/65317\/"},"modified":"2025-04-30T21:17:07","modified_gmt":"2025-04-30T21:17:07","slug":"avant-le-9-mai-les-exigences-maximalistes-de-moscou-dans-les-negociations-avec-lukraine","status":"publish","type":"post","link":"https:\/\/www.europesays.com\/fr\/65317\/","title":{"rendered":"Avant le 9 Mai, les exigences \u201cmaximalistes\u201d de Moscou dans les n\u00e9gociations avec l\u2019Ukraine"},"content":{"rendered":"\n<p>Dans un entretien <a class=\"ithalc\" data-ithal=\"lien_externe\" data-ithalc=\"[nav_article]\" target=\"_blank\" href=\"https:\/\/abcnews.go.com\/US\/full-transcript-trumps-exclusive-100-days-broadcast-interview\/story?id=121291672\" rel=\"nofollow noopener\">accord\u00e9 \u00e0 la cha\u00eene am\u00e9ricaine <strong>ABC News<\/strong><\/a> diffus\u00e9 ce mercredi 30\u00a0avril, Donald Trump a suppos\u00e9 que Vladimir Poutine voulait la paix\u00a0: \u201cJe pense que si je n\u2019avais pas remport\u00e9 l\u2019\u00e9lection, il aurait pris toute l\u2019Ukraine\u201d, a-t-il avanc\u00e9, ajoutant que \u201cgr\u00e2ce \u00e0 moi, je crois qu\u2019il est pr\u00eat \u00e0 mettre fin aux combats\u201d. Des propos formul\u00e9s quelques jours apr\u00e8s que le pr\u00e9sident des \u00c9tats-Unis a \u00e9mis des doutes sur les intentions du pr\u00e9sident russe.<\/p>\n<p>\u00c0 Moscou, la presse institutionnelle v\u00e9hicule de son c\u00f4t\u00e9 une vision inchang\u00e9e du conflit\u00a0: la Russie est dispos\u00e9e \u00e0 n\u00e9gocier, mais \u201cle principal obstacle demeure la position de Kiev qui, pour l\u2019heure, n\u2019a pas l\u2019intention de r\u00e9tablir le dialogue avec Moscou et \u00e0 soutenir ses initiatives\u201d, <a class=\"ithalc\" data-ithal=\"lien_externe\" data-ithalc=\"[nav_article]\" target=\"_blank\" href=\"https:\/\/iz.ru\/1879225\/semen-boikov-irina-gorbunova\/nekontaktnye-lica-moskva-ne-vidit-gotovnosti-kieva-k-realnym-peregovoram\" rel=\"nofollow noopener\">r\u00e9sume le quotidien pro-Kremlin <strong>Izvestia<\/strong><\/a><strong>.<\/strong><\/p>\n<p>Le journal se fait le relais du discours officiel et interroge \u00e0 ce titre le repr\u00e9sentant du minist\u00e8re des Affaires \u00e9trang\u00e8res \u00e0 propos des n\u00e9gociations en cours. \u201cIl existe une interaction avec l\u2019Ukraine au plan militaire, concernant les \u00e9changes [de prisonniers]. Il y a un dialogue entre les m\u00e9diateurs, mais aucun autre contact officiel qui indiquerait le d\u00e9but d\u2019un dialogue, d\u2019un pr\u00e9dialogue, de consultations ou de n\u00e9gociations sur les n\u00e9gociations\u201d, <\/p>\n","protected":false},"excerpt":{"rendered":"Dans un entretien accord\u00e9 \u00e0 la cha\u00eene am\u00e9ricaine ABC News diffus\u00e9 ce mercredi 30\u00a0avril, Donald Trump a suppos\u00e9&hellip;\n","protected":false},"author":2,"featured_media":65318,"comment_status":"","ping_status":"","sticky":false,"template":"","format":"standard","meta":{"footnotes":""},"categories":[1590],"tags":[11,75,1777,674,1892,131,12,132,220,135,134],"class_list":{"0":"post-65317","1":"post","2":"type-post","3":"status-publish","4":"format-standard","5":"has-post-thumbnail","7":"category-ukraine","8":"tag-actualites","9":"tag-donald-trump","10":"tag-eu","11":"tag-europe","12":"tag-gu00e9opolitique","13":"tag-guerre-en-ukraine","14":"tag-news","15":"tag-russie","16":"tag-ukraine","17":"tag-vladimir-poutine","18":"tag-volodymyr-zelensky"},"share_on_mastodon":{"url":"https:\/\/pubeurope.com\/@fr\/114428998076186672","error":""},"_links":{"self":[{"href":"https:\/\/www.europesays.com\/fr\/wp-json\/wp\/v2\/posts\/65317","targetHints":{"allow":["GET"]}}],"collection":[{"href":"https:\/\/www.europesays.com\/fr\/wp-json\/wp\/v2\/posts"}],"about":[{"href":"https:\/\/www.europesays.com\/fr\/wp-json\/wp\/v2\/types\/post"}],"author":[{"embeddable":true,"href":"https:\/\/www.europesays.com\/fr\/wp-json\/wp\/v2\/users\/2"}],"replies":[{"embeddable":true,"href":"https:\/\/www.europesays.com\/fr\/wp-json\/wp\/v2\/comments?post=65317"}],"version-history":[{"count":0,"href":"https:\/\/www.europesays.com\/fr\/wp-json\/wp\/v2\/posts\/65317\/revisions"}],"wp:featuredmedia":[{"embeddable":true,"href":"https:\/\/www.europesays.com\/fr\/wp-json\/wp\/v2\/media\/65318"}],"wp:attachment":[{"href":"https:\/\/www.europesays.com\/fr\/wp-json\/wp\/v2\/media?parent=65317"}],"wp:term":[{"taxonomy":"category","embeddable":true,"href":"https:\/\/www.europesays.com\/fr\/wp-json\/wp\/v2\/categories?post=65317"},{"taxonomy":"post_tag","embeddable":true,"href":"https:\/\/www.europesays.com\/fr\/wp-json\/wp\/v2\/tags?post=65317"}],"curies":[{"name":"wp","href":"https:\/\/api.w.org\/{rel}","templated":true}]}}