{"id":653210,"date":"2026-01-10T04:37:19","date_gmt":"2026-01-10T04:37:19","guid":{"rendered":"https:\/\/www.europesays.com\/fr\/653210\/"},"modified":"2026-01-10T04:37:19","modified_gmt":"2026-01-10T04:37:19","slug":"londres-mobilise-215-millions-pour-preparer-ses-troupes-en-ukraine-2","status":"publish","type":"post","link":"https:\/\/www.europesays.com\/fr\/653210\/","title":{"rendered":"Londres mobilise 215 millions pour pr\u00e9parer ses troupes en Ukraine"},"content":{"rendered":"<p class=\"sc-7c8a2665-13 eBhjlJ\">La Russie a frapp\u00e9 dans la nuit de jeudi \u00e0 vendredi des \u00abcibles strat\u00e9giques\u00bb en Ukraine \u00e0 l\u2019aide du missile hypersonique Orechnik, a annonc\u00e9 le minist\u00e8re russe de la D\u00e9fense dans un communiqu\u00e9.<\/p>\n<p><img loading=\"lazy\" decoding=\"async\" src=\"https:\/\/www.europesays.com\/fr\/wp-content\/uploads\/2026\/01\/1768019839_77_f71c2bcc-2aa5-48b3-a035-8285f18b91db.jpg\" alt=\"L\u2019Ukraine redoutait que la Russie utilise de nouveau l\u2019Orechnik, un missile qui, selon le pr\u00e9sident russe, peut atteindre la vitesse de Mach 10, soit plus de 12 000 km\/h.\" title=\"L\u2019Ukraine redoutait que la Russie utilise de nouveau l\u2019Orechnik, un missile qui, selon le pr\u00e9sident russe, peut atteindre la vitesse de Mach 10, soit plus de 12 000 km\/h.\"  width=\"1200\" height=\"675\"\/>L\u2019Ukraine redoutait que la Russie utilise de nouveau l\u2019Orechnik, un missile qui, selon le pr\u00e9sident russe, peut atteindre la vitesse de Mach 10, soit plus de 12 000 km\/h.AFP<\/p>\n<p class=\"sc-7c8a2665-13 eBhjlJ\">Les forces arm\u00e9es russes ont lanc\u00e9 une \u00abfrappe massive avec des armes de haute pr\u00e9cision \u00e0 longue port\u00e9e, notamment le complexe mobile de missiles terrestres de moyenne port\u00e9e Orechnik\u00bb, ainsi que des drones, a expliqu\u00e9 le minist\u00e8re.<\/p>\n<p class=\"sc-7c8a2665-13 eBhjlJ\">Ces frappes, dont le nombre n\u2019a pas \u00e9t\u00e9 pr\u00e9cis\u00e9, sont intervenues \u00aben r\u00e9ponse \u00e0 l\u2019attentat terroriste perp\u00e9tr\u00e9 par le r\u00e9gime de Kiev\u00bb contre une r\u00e9sidence de Vladimir Poutine fin d\u00e9cembre, dont l\u2019Ukraine affirme qu\u2019il s\u2019agit d\u2019un \u00abmensonge\u00bb.<\/p>\n<p class=\"sc-7c8a2665-13 eBhjlJ\">Selon le minist\u00e8re russe, les frappes ont touch\u00e9 des sites de fabrication de drones \u00abutilis\u00e9s pour l\u2019attaque terroriste\u00bb et des infrastructures \u00e9nerg\u00e9tiques, sans indiquer lesquels. Les bombardements d\u2019ampleur men\u00e9s pendant la nuit par la Russie en Ukraine ont fait quatre morts \u00e0 Kiev.<\/p>\n<p class=\"sc-7c8a2665-13 eBhjlJ\">L\u2019Ukraine redoutait que la Russie utilise de nouveau l\u2019Orechnik, un missile qui, selon le pr\u00e9sident russe, peut atteindre la vitesse de Mach 10, soit plus de 12 000 km\/h.<\/p>\n<p class=\"sc-7c8a2665-13 eBhjlJ\">Il a d\u00e9j\u00e0 \u00e9t\u00e9 d\u00e9ploy\u00e9 mi-d\u00e9cembre au B\u00e9larus, pays alli\u00e9 de la Russie, avait annonc\u00e9 alors son pr\u00e9sident Alexandre Loukachenko.<\/p>\n<p class=\"sc-7c8a2665-13 eBhjlJ\">L\u2019Orechnik, capable de frapper avec des ogives nucl\u00e9aires des cibles \u00e0 plusieurs milliers de kilom\u00e8tres, a \u00e9t\u00e9 utilis\u00e9 pour la premi\u00e8re fois avec des t\u00eates conventionnelles en novembre 2024 contre la ville de Dnipro, dans le centre-est de l\u2019Ukraine.<\/p>\n","protected":false},"excerpt":{"rendered":"La Russie a frapp\u00e9 dans la nuit de jeudi \u00e0 vendredi des \u00abcibles strat\u00e9giques\u00bb en Ukraine \u00e0 l\u2019aide&hellip;\n","protected":false},"author":2,"featured_media":653112,"comment_status":"","ping_status":"","sticky":false,"template":"","format":"standard","meta":{"footnotes":""},"categories":[1591],"tags":[11,1887,12,1885,1886,132],"class_list":{"0":"post-653210","1":"post","2":"type-post","3":"status-publish","4":"format-standard","5":"has-post-thumbnail","7":"category-russie","8":"tag-actualites","9":"tag-federation-de-russie","10":"tag-news","11":"tag-russia","12":"tag-russian-federation","13":"tag-russie"},"share_on_mastodon":{"url":"https:\/\/pubeurope.com\/@fr\/115868955094514543","error":""},"_links":{"self":[{"href":"https:\/\/www.europesays.com\/fr\/wp-json\/wp\/v2\/posts\/653210","targetHints":{"allow":["GET"]}}],"collection":[{"href":"https:\/\/www.europesays.com\/fr\/wp-json\/wp\/v2\/posts"}],"about":[{"href":"https:\/\/www.europesays.com\/fr\/wp-json\/wp\/v2\/types\/post"}],"author":[{"embeddable":true,"href":"https:\/\/www.europesays.com\/fr\/wp-json\/wp\/v2\/users\/2"}],"replies":[{"embeddable":true,"href":"https:\/\/www.europesays.com\/fr\/wp-json\/wp\/v2\/comments?post=653210"}],"version-history":[{"count":0,"href":"https:\/\/www.europesays.com\/fr\/wp-json\/wp\/v2\/posts\/653210\/revisions"}],"wp:featuredmedia":[{"embeddable":true,"href":"https:\/\/www.europesays.com\/fr\/wp-json\/wp\/v2\/media\/653112"}],"wp:attachment":[{"href":"https:\/\/www.europesays.com\/fr\/wp-json\/wp\/v2\/media?parent=653210"}],"wp:term":[{"taxonomy":"category","embeddable":true,"href":"https:\/\/www.europesays.com\/fr\/wp-json\/wp\/v2\/categories?post=653210"},{"taxonomy":"post_tag","embeddable":true,"href":"https:\/\/www.europesays.com\/fr\/wp-json\/wp\/v2\/tags?post=653210"}],"curies":[{"name":"wp","href":"https:\/\/api.w.org\/{rel}","templated":true}]}}