{"id":653215,"date":"2026-01-10T04:40:19","date_gmt":"2026-01-10T04:40:19","guid":{"rendered":"https:\/\/www.europesays.com\/fr\/653215\/"},"modified":"2026-01-10T04:40:19","modified_gmt":"2026-01-10T04:40:19","slug":"londres-le-mysterieux-abandon-dune-fratrie-de-nouveau-nes","status":"publish","type":"post","link":"https:\/\/www.europesays.com\/fr\/653215\/","title":{"rendered":"Londres\u00a0:\u00a0le myst\u00e9rieux abandon d\u2019une fratrie de nouveau-n\u00e9s"},"content":{"rendered":"<p>\n    <strong>R\u00c9CIT<\/strong> &#8211; Entre 2017 et 2024, trois b\u00e9b\u00e9s ont \u00e9t\u00e9 d\u00e9couverts dans des parcs de l\u2019est de la capitale du Royaume-Uni.<\/p>\n<p class=\"fig-paragraph\">Au pays de Charles Dickens, cet \u00e9pais myst\u00e8re fascine et r\u00e9volte. \u00c0 plusieurs ann\u00e9es d\u2019intervalle, trois b\u00e9b\u00e9s ont \u00e9t\u00e9 retrouv\u00e9s abandonn\u00e9s dans la rue. \u00c0 la surprise g\u00e9n\u00e9rale, des tests ADN ont montr\u00e9 qu\u2019ils appartenaient \u00e0 la m\u00eame fratrie. Des ann\u00e9es de recherches men\u00e9es par Scotland Yard n\u2019ont men\u00e9 \u00e0 rien. L\u2019\u00e9nigmatique affaire refait couler de l\u2019encre,\u00a0<a href=\"http:\/\/www.lefigaro.fr\/flash-actu\/grande-bretagne-a-londres-la-police-confrontee-une-mysterieuse-serie-d-abandons-de-bebes-20240604\" data-fig-type=\"NewsFlash\" data-gtm-custom-categorie=\"navigation\" data-gtm-custom-action=\"crossclick\" data-gtm-custom-label=\"Contextuel\" data-gtm-event=\"customEventSPE\" data-fig-domain=\"LEFIGARO\" target=\"_blank\" rel=\"noopener\">la petite fille retrouv\u00e9e en 2024<\/a>\u00a0\u00e9tant sur le point d\u2019\u00eatre adopt\u00e9e.<\/p>\n<p class=\"fig-paragraph\">Le 18 janvier 2024, un homme promenant son chien d\u00e9couvre un nouveau-n\u00e9 abandonn\u00e9 sur le sentier d\u2019un parc de Newham, dans l\u2019est de Londres. La petite fille a \u00e9t\u00e9 d\u00e9pos\u00e9e dans un sac plastique, enroul\u00e9e dans une serviette, par des temp\u00e9ratures descendues jusqu\u2019\u00e0 -5\u00b0C. Elle est n\u00e9e moins d\u2019une heure auparavant. Le personnel hospitalier qui prend soin de la petite fille la pr\u00e9nomme Elsa, en r\u00e9f\u00e9rence au personnage du film Disney La Reine des Neiges, en raison des temp\u00e9ratures glaciales dans lesquelles elle a \u00e9t\u00e9 trouv\u00e9e.<\/p>\n<p>                                            Dans un sac de course<\/p>\n<p class=\"fig-paragraph\">Cette triste histoire prend un tour encore plus d\u00e9routant\u2026<\/p>\n<p class=\"fig-premium-paywall__infos\">\n        Cet article est r\u00e9serv\u00e9 aux abonn\u00e9s.        Il vous reste 71% \u00e0 d\u00e9couvrir.\n    <\/p>\n<p>                <img  data- alt=\"Le Figaro\" class=\"fig-img--complete fig-img\"\/><\/p>\n<p class=\"fig-premium-paywall__title\">Le Figaro c\u00e9l\u00e8bre ses 200 ans<\/p>\n<p class=\"fig-premium-paywall__subtitle\">Offre anniversaire : 2\u20ac\/mois pendant 200 semaines<\/p>\n<p class=\"fig-premium-paywall__connect\">\n                D\u00e9j\u00e0 abonn\u00e9\u00a0?                <a class=\"fig-premium-paywall__connect-link\" href=\"https:\/\/connect.lefigaro.fr\/login?client=horizon_web&amp;type=main&amp;redirect_uri=https%3A%2F%2Fwww.lefigaro.fr%2Finternational%2Flondres-le-mysterieux-abandon-d-une-fratrie-de-nouveau-nes-20260109\" data-js-gtm=\"{&quot;customCategorie&quot;: &quot;conversion&quot;, &quot;customAction&quot;: &quot;before_Landing_Connexion_paywall_auto&quot;, &quot;customLabel&quot;: &quot;bGVmaWdhcm8uZnJfXzFmMGVkNjJhLTUyODctNjIyOC04NDQyLTIzZWVmMTY0MTRiMl9fQXJ0aWNsZQ==_Londres\u00a0:\u00a0le myst\u00e9rieux abandon d\u2019une fratrie de nouveau-n\u00e9s_49&quot;, &quot;customIDSPE&quot;: &quot;bGVmaWdhcm8uZnJfXzFmMGVkNjJhLTUyODctNjIyOC04NDQyLTIzZWVmMTY0MTRiMl9fQXJ0aWNsZQ==&quot;, &quot;event&quot;: &quot;customEventSPE&quot;}\" target=\"_blank\" rel=\"noopener\"><br \/>\n                    Connectez-vous<br \/>\n                <\/a>\n            <\/p>\n","protected":false},"excerpt":{"rendered":"R\u00c9CIT &#8211; Entre 2017 et 2024, trois b\u00e9b\u00e9s ont \u00e9t\u00e9 d\u00e9couverts dans des parcs de l\u2019est de la&hellip;\n","protected":false},"author":2,"featured_media":653216,"comment_status":"","ping_status":"","sticky":false,"template":"","format":"standard","meta":{"footnotes":""},"categories":[1588],"tags":[11,1719,1777,674,6017,12,473,1853,1851,1850,1852],"class_list":{"0":"post-653215","1":"post","2":"type-post","3":"status-publish","4":"format-standard","5":"has-post-thumbnail","7":"category-royaume-uni","8":"tag-actualites","9":"tag-enfants","10":"tag-eu","11":"tag-europe","12":"tag-fait-divers","13":"tag-news","14":"tag-royaume-uni","15":"tag-royaume-uni-de-grande-bretagne-et-dirlande-du-nord","16":"tag-uk","17":"tag-united-kingdom","18":"tag-united-kingdom-of-great-britain-and-northern-ireland"},"share_on_mastodon":{"url":"https:\/\/pubeurope.com\/@fr\/115868966770991423","error":""},"_links":{"self":[{"href":"https:\/\/www.europesays.com\/fr\/wp-json\/wp\/v2\/posts\/653215","targetHints":{"allow":["GET"]}}],"collection":[{"href":"https:\/\/www.europesays.com\/fr\/wp-json\/wp\/v2\/posts"}],"about":[{"href":"https:\/\/www.europesays.com\/fr\/wp-json\/wp\/v2\/types\/post"}],"author":[{"embeddable":true,"href":"https:\/\/www.europesays.com\/fr\/wp-json\/wp\/v2\/users\/2"}],"replies":[{"embeddable":true,"href":"https:\/\/www.europesays.com\/fr\/wp-json\/wp\/v2\/comments?post=653215"}],"version-history":[{"count":0,"href":"https:\/\/www.europesays.com\/fr\/wp-json\/wp\/v2\/posts\/653215\/revisions"}],"wp:featuredmedia":[{"embeddable":true,"href":"https:\/\/www.europesays.com\/fr\/wp-json\/wp\/v2\/media\/653216"}],"wp:attachment":[{"href":"https:\/\/www.europesays.com\/fr\/wp-json\/wp\/v2\/media?parent=653215"}],"wp:term":[{"taxonomy":"category","embeddable":true,"href":"https:\/\/www.europesays.com\/fr\/wp-json\/wp\/v2\/categories?post=653215"},{"taxonomy":"post_tag","embeddable":true,"href":"https:\/\/www.europesays.com\/fr\/wp-json\/wp\/v2\/tags?post=653215"}],"curies":[{"name":"wp","href":"https:\/\/api.w.org\/{rel}","templated":true}]}}