{"id":653217,"date":"2026-01-10T04:41:28","date_gmt":"2026-01-10T04:41:28","guid":{"rendered":"https:\/\/www.europesays.com\/fr\/653217\/"},"modified":"2026-01-10T04:41:28","modified_gmt":"2026-01-10T04:41:28","slug":"une-tempete-hivernale-interrompt-la-production-de-volkswagen-en-allemagne","status":"publish","type":"post","link":"https:\/\/www.europesays.com\/fr\/653217\/","title":{"rendered":"Une temp\u00eate hivernale interrompt la production de Volkswagen en Allemagne"},"content":{"rendered":"<p>                    Une temp\u00eate hivernale traversant le nord de l&rsquo;Europe vendredi a contraint Volkswagen \u00e0 fermer temporairement l&rsquo;une de ses usines et a perturb\u00e9 la production de son mod\u00e8le Golf, a annonc\u00e9 l&rsquo;entreprise.<\/p>\n<p>Le constructeur automobile allemand a annul\u00e9 l&rsquo;\u00e9quipe de nuit sur sa cha\u00eene d&rsquo;assemblage de la Golf \u00e0 Wolfsburg, alors que la production avait pourtant commenc\u00e9 la journ\u00e9e comme pr\u00e9vu, a indiqu\u00e9 un porte-parole \u00e0 Reuters.<\/p>\n<p>\u00ab\u00a0L&rsquo;approvisionnement en pi\u00e8ces a \u00e9t\u00e9 interrompu\u00a0\u00bb, a pr\u00e9cis\u00e9 le porte-parole.<\/p>\n<p>L&rsquo;usine Volkswagen d&rsquo;Emden, situ\u00e9e dans le nord-ouest de l&rsquo;Allemagne, o\u00f9 sont fabriqu\u00e9s les mod\u00e8les ID.4 et ID.7, est rest\u00e9e ferm\u00e9e vendredi en raison des conditions m\u00e9t\u00e9orologiques extr\u00eames.<\/p>\n<p>D&rsquo;autres sites allemands fonctionnaient normalement ou demeuraient ferm\u00e9s pour la pause hivernale, la reprise totale de la production \u00e9tant pr\u00e9vue pour lundi, selon le porte-parole.<\/p>\n<p>La temp\u00eate Goretti a apport\u00e9 d&rsquo;importantes chutes de neige et des vents violents en Grande-Bretagne jeudi avant de se d\u00e9placer vers l&rsquo;est. En Allemagne, o\u00f9 la neige a paralys\u00e9 certaines r\u00e9gions, un responsable a d\u00e9clar\u00e9 qu&rsquo;il s&rsquo;agissait de l&rsquo;un des \u00e9pisodes m\u00e9t\u00e9orologiques les plus s\u00e9v\u00e8res de ces derni\u00e8res ann\u00e9es.<\/p>\n","protected":false},"excerpt":{"rendered":"Une temp\u00eate hivernale traversant le nord de l&rsquo;Europe vendredi a contraint Volkswagen \u00e0 fermer temporairement l&rsquo;une de ses&hellip;\n","protected":false},"author":2,"featured_media":653218,"comment_status":"","ping_status":"","sticky":false,"template":"","format":"standard","meta":{"footnotes":""},"categories":[1587],"tags":[11,672,340,1804,1805,1803,1777,674,1801,12,1802],"class_list":{"0":"post-653217","1":"post","2":"type-post","3":"status-publish","4":"format-standard","5":"has-post-thumbnail","7":"category-allemagne","8":"tag-actualites","9":"tag-allemagne","10":"tag-bourse","11":"tag-bundesrepublik-deutschland","12":"tag-de","13":"tag-deutschland","14":"tag-eu","15":"tag-europe","16":"tag-germany","17":"tag-news","18":"tag-republique-federale-dallemagne"},"share_on_mastodon":{"url":"https:\/\/pubeurope.com\/@fr\/115868970825183745","error":""},"_links":{"self":[{"href":"https:\/\/www.europesays.com\/fr\/wp-json\/wp\/v2\/posts\/653217","targetHints":{"allow":["GET"]}}],"collection":[{"href":"https:\/\/www.europesays.com\/fr\/wp-json\/wp\/v2\/posts"}],"about":[{"href":"https:\/\/www.europesays.com\/fr\/wp-json\/wp\/v2\/types\/post"}],"author":[{"embeddable":true,"href":"https:\/\/www.europesays.com\/fr\/wp-json\/wp\/v2\/users\/2"}],"replies":[{"embeddable":true,"href":"https:\/\/www.europesays.com\/fr\/wp-json\/wp\/v2\/comments?post=653217"}],"version-history":[{"count":0,"href":"https:\/\/www.europesays.com\/fr\/wp-json\/wp\/v2\/posts\/653217\/revisions"}],"wp:featuredmedia":[{"embeddable":true,"href":"https:\/\/www.europesays.com\/fr\/wp-json\/wp\/v2\/media\/653218"}],"wp:attachment":[{"href":"https:\/\/www.europesays.com\/fr\/wp-json\/wp\/v2\/media?parent=653217"}],"wp:term":[{"taxonomy":"category","embeddable":true,"href":"https:\/\/www.europesays.com\/fr\/wp-json\/wp\/v2\/categories?post=653217"},{"taxonomy":"post_tag","embeddable":true,"href":"https:\/\/www.europesays.com\/fr\/wp-json\/wp\/v2\/tags?post=653217"}],"curies":[{"name":"wp","href":"https:\/\/api.w.org\/{rel}","templated":true}]}}