{"id":653250,"date":"2026-01-10T05:07:11","date_gmt":"2026-01-10T05:07:11","guid":{"rendered":"https:\/\/www.europesays.com\/fr\/653250\/"},"modified":"2026-01-10T05:07:11","modified_gmt":"2026-01-10T05:07:11","slug":"face-a-donald-trump-les-majors-americaines-montrent-un-interet-plus-que-mesure-pour-le-petrole-du-venezuela","status":"publish","type":"post","link":"https:\/\/www.europesays.com\/fr\/653250\/","title":{"rendered":"Face \u00e0 Donald Trump, les majors am\u00e9ricaines montrent un int\u00e9r\u00eat plus que mesur\u00e9 pour le p\u00e9trole du Venezuela"},"content":{"rendered":"<p>                     <img loading=\"lazy\" decoding=\"async\" src=\"https:\/\/www.europesays.com\/fr\/wp-content\/uploads\/2026\/01\/fe13e00_ftp-1-l5encrp0wndu-5843255-01-06.jpg\" alt=\"Plusieurs dirigents de compagnies p\u00e9troli\u00e8res am\u00e9ricaines, lors de leur r\u00e9union avec Donald Trump \u00e0 la Maison Blanche, \u00e0 Washington, le 9\u00a0janvier 2026.\"   width=\"664\" height=\"443\"\/>    Plusieurs dirigents de compagnies p\u00e9troli\u00e8res am\u00e9ricaines, lors de leur r\u00e9union avec Donald Trump \u00e0 la Maison Blanche, \u00e0 Washington, le 9\u00a0janvier 2026.  SAUL LOEB\/AFP                 <\/p>\n<p class=\"article__paragraph  \">De tous les rendez-vous de la semaine de Donald Trump, celui de vendredi 9\u00a0janvier, dans l\u2019apr\u00e8s-midi, n\u2019\u00e9tait pas loin d\u2019\u00eatre le plus important. Six jours apr\u00e8s avoir fait enlever le dirigeant v\u00e9n\u00e9zu\u00e9lien, Nicolas Maduro, par les forces sp\u00e9ciales am\u00e9ricaines, en plein c\u0153ur de Caracas, <a href=\"https:\/\/www.lemonde.fr\/international\/article\/2026\/01\/09\/donald-trump-pousse-les-majors-petrolieres-a-investir-au-venezuela-et-promet-que-ce-sera-sur_6661224_3210.html\" target=\"_blank\" rel=\"noopener\">le pr\u00e9sident recevait \u00e0 la Maison Blanche les repr\u00e9sentants des grandes compagnies p\u00e9troli\u00e8res<\/a>, sur lesquelles il compte pour exploiter les ressources en hydrocarbure du Venezuela. Mais la r\u00e9union n\u2019a pas combl\u00e9 tous ses v\u0153ux.<\/p>\n<p>   Lire plus tard  <\/p>\n<p class=\"article__paragraph  \">Les autorit\u00e9s am\u00e9ricaines ont l\u2019intention de contr\u00f4ler enti\u00e8rement la production du pays. Le r\u00e9gime chaviste \u00e0 Caracas, sous la menace d\u2019autres interventions, aurait d\u00e9j\u00e0 accept\u00e9 de transf\u00e9rer 50\u00a0millions de barils aux Etats-Unis, en signe de coop\u00e9ration. Pour relancer les forages sur le terrain, Washington a besoin de l\u2019engagement des grandes majors du secteur.<\/p>\n<p class=\"article__paragraph  \">En introduction du tour de table, Donald Trump a lanc\u00e9 aux cam\u00e9ras, en d\u00e9signant les PDG\u00a0: \u00ab\u00a0Le plan pr\u00e9voit qu\u2019ils d\u00e9pensent au moins 100\u00a0milliards de dollars [86\u00a0milliards d\u2019euros] pour reconstruire les infrastructures n\u00e9cessaires\u00a0\u00bb \u00e0 l\u2019exploitation des puits. Selon le pr\u00e9sident, les entreprises financeront enti\u00e8rement ces investissements, en \u00e9change de la garantie de protection et de s\u00e9curit\u00e9 du gouvernement am\u00e9ricain, qui servira d\u2019interm\u00e9diaire. En guise d\u2019avertissement, il leur a lanc\u00e9\u00a0: \u00ab\u00a0Si vous ne voulez pas y aller, dites-le-moi, parce qu\u2019il y a vingt-cinq personnes pr\u00eates \u00e0 prendre votre place.\u00a0\u00bb<\/p>\n<p class=\"reading-mode-only \"><strong>Il vous reste 75.63% de cet article \u00e0 lire. La suite est r\u00e9serv\u00e9e aux abonn\u00e9s.<\/strong><\/p>\n","protected":false},"excerpt":{"rendered":"Plusieurs dirigents de compagnies p\u00e9troli\u00e8res am\u00e9ricaines, lors de leur r\u00e9union avec Donald Trump \u00e0 la Maison Blanche, \u00e0&hellip;\n","protected":false},"author":2,"featured_media":653251,"comment_status":"","ping_status":"","sticky":false,"template":"","format":"standard","meta":{"footnotes":""},"categories":[5],"tags":[11,1011,27,14,12,28],"class_list":{"0":"post-653250","1":"post","2":"type-post","3":"status-publish","4":"format-standard","5":"has-post-thumbnail","7":"category-international","8":"tag-actualites","9":"tag-fr","10":"tag-france","11":"tag-international","12":"tag-news","13":"tag-world"},"share_on_mastodon":{"url":"https:\/\/pubeurope.com\/@fr\/115869073196468938","error":""},"_links":{"self":[{"href":"https:\/\/www.europesays.com\/fr\/wp-json\/wp\/v2\/posts\/653250","targetHints":{"allow":["GET"]}}],"collection":[{"href":"https:\/\/www.europesays.com\/fr\/wp-json\/wp\/v2\/posts"}],"about":[{"href":"https:\/\/www.europesays.com\/fr\/wp-json\/wp\/v2\/types\/post"}],"author":[{"embeddable":true,"href":"https:\/\/www.europesays.com\/fr\/wp-json\/wp\/v2\/users\/2"}],"replies":[{"embeddable":true,"href":"https:\/\/www.europesays.com\/fr\/wp-json\/wp\/v2\/comments?post=653250"}],"version-history":[{"count":0,"href":"https:\/\/www.europesays.com\/fr\/wp-json\/wp\/v2\/posts\/653250\/revisions"}],"wp:featuredmedia":[{"embeddable":true,"href":"https:\/\/www.europesays.com\/fr\/wp-json\/wp\/v2\/media\/653251"}],"wp:attachment":[{"href":"https:\/\/www.europesays.com\/fr\/wp-json\/wp\/v2\/media?parent=653250"}],"wp:term":[{"taxonomy":"category","embeddable":true,"href":"https:\/\/www.europesays.com\/fr\/wp-json\/wp\/v2\/categories?post=653250"},{"taxonomy":"post_tag","embeddable":true,"href":"https:\/\/www.europesays.com\/fr\/wp-json\/wp\/v2\/tags?post=653250"}],"curies":[{"name":"wp","href":"https:\/\/api.w.org\/{rel}","templated":true}]}}